{"id":10722,"date":"2024-06-12T10:53:30","date_gmt":"2024-06-12T08:53:30","guid":{"rendered":"https:\/\/radiojadranka.hr\/?p=10722"},"modified":"2024-08-20T08:47:15","modified_gmt":"2024-08-20T06:47:15","slug":"10722","status":"publish","type":"post","link":"https:\/\/radiojadranka.hr\/index.php\/2024\/06\/12\/10722\/","title":{"rendered":"Centar za pru\u017eanje usluga u zajednici Mali Lo\u0161inj, poznatiji kao Odgojni dom, obilje\u017eava &#8220;Dan ustanove&#8221;!"},"content":{"rendered":"<p>Centar za pru\u017eanje usluga u zajednici Mali Lo\u0161inj, do ju\u010der poznatiji kao Odgojni dom, sutra \u0107e obilje\u017eiti &#8220;Dan ustanove&#8221;. Bit \u0107e to 72 godi\u0161njica od osnutka, a koja je uz odgoj i preodgoj educirala generacije mladih u\u010denika &#8220;u privredi&#8221;.\u00a0 Sjetimo se pred dvije godine obilje\u017eavanja jubilarnog Dana ustanove s vrijednom izlo\u017ebom, kao podsjetnikom na bogatu pro\u0161lost kroz koju je ova ustanova pro\u0161la. Kroz sve te godine, ustanova je postala dio zajednice, brojni su gra\u0111ani na\u0161li stalno zaposlenje ili pak oni koji su zbog zaposlenja do\u0161li na otok, i ostali zauvijek!\u00a0 Nakon sutra\u0161njeg prigodnog, sve\u010danog obilje\u017eavanja, odr\u017eat \u0107e se zanimljivo predavanje za stru\u010dne radnike i zainteresirane roditelje. Ravnateljica Centra Silvija Kocjan poziva kolege stru\u010dne djelatnike i iz drugih ustanova da se priklju\u010de predavanju Ane Ragu\u017e, mag psihologije na temu &#8220;Nasilje me\u0111u vr\u0161njacima &#8211; on line i off line svijet&#8221;.<\/p>\n<p>Poslu\u0161ajte najavu Silvije Kocjan ravnateljice Centra za pru\u017eanje usluga u zajednici!<\/p>\n<p>Foto: web &#8211; Centar za pru\u017eanje usluga u zajednici Mali Lo\u0161inj<\/p>\n<p><iframe title=\"120624 Silvija Kocjan\" width=\"100%\" height=\"120\" src=\"https:\/\/www.mixcloud.com\/widget\/iframe\/?feed=https%3A%2F%2Fwww.mixcloud.com%2Fradio_jadranka%2F120624-silvija-kocjan%2F&amp;hide_cover=1\" frameborder=\"0\"><\/iframe><\/p>\n<figure id=\"attachment_10238\" aria-describedby=\"caption-attachment-10238\" style=\"width: 307px\" class=\"wp-caption alignnone\"><a href=\"https:\/\/turboscribe.ai\/transcript\/share\/432345564229775171\/KKkbuir4ayYuAt-0iPCLGKlDNVi-Fryj8Ts0WpxoGus\/120624-silvija-kocjanb\"><img fetchpriority=\"high\" decoding=\"async\" class=\"size-full wp-image-10238\" src=\"https:\/\/radiojadranka.hr\/wp-content\/uploads\/2024\/05\/logo-za-gluhe.jpg\" alt=\"\" width=\"307\" height=\"306\" srcset=\"https:\/\/radiojadranka.hr\/wp-content\/uploads\/2024\/05\/logo-za-gluhe.jpg 307w, https:\/\/radiojadranka.hr\/wp-content\/uploads\/2024\/05\/logo-za-gluhe-150x150.jpg 150w, https:\/\/radiojadranka.hr\/wp-content\/uploads\/2024\/05\/logo-za-gluhe-100x100.jpg 100w\" sizes=\"(max-width: 307px) 100vw, 307px\" \/><\/a><figcaption id=\"caption-attachment-10238\" class=\"wp-caption-text\">Prilago\u0111eno osobama s o\u0161te\u0107enjem sluha<\/figcaption><\/figure>\n<div id='gallery-1' class='gallery galleryid-10722 gallery-columns-3 gallery-size-thumbnail'><figure class='gallery-item'>\n\t\t\t<div class='gallery-icon landscape'>\n\t\t\t\t<a href='https:\/\/radiojadranka.hr\/index.php\/2024\/06\/12\/10722\/dom5001_900_600_withoutgrow\/'><img decoding=\"async\" width=\"150\" height=\"150\" src=\"https:\/\/radiojadranka.hr\/wp-content\/uploads\/2024\/06\/Dom5001_900_600_withoutgrow-150x150.jpg\" class=\"attachment-thumbnail size-thumbnail\" alt=\"Centar za pru\u017eanje usluga u zajednici Mali Lo\u0161inj - Dan Ustanove\" srcset=\"https:\/\/radiojadranka.hr\/wp-content\/uploads\/2024\/06\/Dom5001_900_600_withoutgrow-150x150.jpg 150w, https:\/\/radiojadranka.hr\/wp-content\/uploads\/2024\/06\/Dom5001_900_600_withoutgrow-100x100.jpg 100w, https:\/\/radiojadranka.hr\/wp-content\/uploads\/2024\/06\/Dom5001_900_600_withoutgrow-370x370.jpg 370w\" sizes=\"(max-width: 150px) 100vw, 150px\" \/><\/a>\n\t\t\t<\/div><\/figure><figure class='gallery-item'>\n\t\t\t<div class='gallery-icon landscape'>\n\t\t\t\t<a href='https:\/\/radiojadranka.hr\/index.php\/2024\/06\/12\/10722\/cszgrada\/'><img decoding=\"async\" width=\"150\" height=\"150\" src=\"https:\/\/radiojadranka.hr\/wp-content\/uploads\/2024\/06\/cszgrada-150x150.jpg\" class=\"attachment-thumbnail size-thumbnail\" alt=\"Centar za pru\u017eanje usluga u zajednici Mali Lo\u0161inj - Dan Ustanove\" srcset=\"https:\/\/radiojadranka.hr\/wp-content\/uploads\/2024\/06\/cszgrada-150x150.jpg 150w, https:\/\/radiojadranka.hr\/wp-content\/uploads\/2024\/06\/cszgrada-100x100.jpg 100w, https:\/\/radiojadranka.hr\/wp-content\/uploads\/2024\/06\/cszgrada-370x370.jpg 370w\" sizes=\"(max-width: 150px) 100vw, 150px\" \/><\/a>\n\t\t\t<\/div><\/figure><figure class='gallery-item'>\n\t\t\t<div class='gallery-icon landscape'>\n\t\t\t\t<a href='https:\/\/radiojadranka.hr\/index.php\/2024\/06\/12\/10722\/pozivnica-odgojni-dom\/'><img loading=\"lazy\" decoding=\"async\" width=\"150\" height=\"150\" src=\"https:\/\/radiojadranka.hr\/wp-content\/uploads\/2024\/06\/Pozivnica-Odgojni-dom-150x150.jpg\" class=\"attachment-thumbnail size-thumbnail\" alt=\"Centar za pru\u017eanje usluga u zajednici Mali Lo\u0161inj - Dan Ustanove\" srcset=\"https:\/\/radiojadranka.hr\/wp-content\/uploads\/2024\/06\/Pozivnica-Odgojni-dom-150x150.jpg 150w, https:\/\/radiojadranka.hr\/wp-content\/uploads\/2024\/06\/Pozivnica-Odgojni-dom-100x100.jpg 100w, https:\/\/radiojadranka.hr\/wp-content\/uploads\/2024\/06\/Pozivnica-Odgojni-dom-370x370.jpg 370w\" sizes=\"(max-width: 150px) 100vw, 150px\" \/><\/a>\n\t\t\t<\/div><\/figure>\n\t\t<\/div>\n\n","protected":false},"excerpt":{"rendered":"<p>Centar za pru\u017eanje usluga u zajednici Mali Lo\u0161inj, do ju\u010der poznatiji kao Odgojni dom, sutra \u0107e obilje\u017eiti &#8220;Dan ustanove&#8221;. Bit \u0107e to 72 godi\u0161njica od osnutka, a koja je uz odgoj i preodgoj educirala generacije mladih u\u010denika &#8220;u privredi&#8221;.\u00a0 Sjetimo se pred dvije godine obilje\u017eavanja jubilarnog Dana ustanove s vrijednom ...<\/p>\n","protected":false},"author":2,"featured_media":10723,"comment_status":"closed","ping_status":"open","sticky":false,"template":"","format":"audio","meta":{"footnotes":""},"categories":[72],"tags":[],"class_list":["post-10722","post","type-post","status-publish","format-audio","has-post-thumbnail","hentry","category-vijesti","post_format-post-format-audio"],"aioseo_notices":[],"_links":{"self":[{"href":"https:\/\/radiojadranka.hr\/index.php\/wp-json\/wp\/v2\/posts\/10722","targetHints":{"allow":["GET"]}}],"collection":[{"href":"https:\/\/radiojadranka.hr\/index.php\/wp-json\/wp\/v2\/posts"}],"about":[{"href":"https:\/\/radiojadranka.hr\/index.php\/wp-json\/wp\/v2\/types\/post"}],"author":[{"embeddable":true,"href":"https:\/\/radiojadranka.hr\/index.php\/wp-json\/wp\/v2\/users\/2"}],"replies":[{"embeddable":true,"href":"https:\/\/radiojadranka.hr\/index.php\/wp-json\/wp\/v2\/comments?post=10722"}],"version-history":[{"count":5,"href":"https:\/\/radiojadranka.hr\/index.php\/wp-json\/wp\/v2\/posts\/10722\/revisions"}],"predecessor-version":[{"id":10732,"href":"https:\/\/radiojadranka.hr\/index.php\/wp-json\/wp\/v2\/posts\/10722\/revisions\/10732"}],"wp:featuredmedia":[{"embeddable":true,"href":"https:\/\/radiojadranka.hr\/index.php\/wp-json\/wp\/v2\/media\/10723"}],"wp:attachment":[{"href":"https:\/\/radiojadranka.hr\/index.php\/wp-json\/wp\/v2\/media?parent=10722"}],"wp:term":[{"taxonomy":"category","embeddable":true,"href":"https:\/\/radiojadranka.hr\/index.php\/wp-json\/wp\/v2\/categories?post=10722"},{"taxonomy":"post_tag","embeddable":true,"href":"https:\/\/radiojadranka.hr\/index.php\/wp-json\/wp\/v2\/tags?post=10722"}],"curies":[{"name":"wp","href":"https:\/\/api.w.org\/{rel}","templated":true}]}}