{"id":10706,"date":"2024-06-11T10:27:10","date_gmt":"2024-06-11T08:27:10","guid":{"rendered":"https:\/\/radiojadranka.hr\/?p=10706"},"modified":"2024-08-20T08:47:15","modified_gmt":"2024-08-20T06:47:15","slug":"tethys-fimbria-jedan-od-najvecih-puzeva-golaca-i-u-nasem-arhipelagu","status":"publish","type":"post","link":"https:\/\/radiojadranka.hr\/index.php\/2024\/06\/11\/tethys-fimbria-jedan-od-najvecih-puzeva-golaca-i-u-nasem-arhipelagu\/","title":{"rendered":"Tethys fimbria, jedan od najve\u0107ih pu\u017eeva gola\u0107a i u na\u0161em arhipelagu!"},"content":{"rendered":"<h3>Resasti plosnoglavac (Tethys fimbria), jedan od najve\u0107ih pu\u017eeva gola\u0107a u Jadranu, no rijetko se sre\u0107e u dubinama rekreativnog ronjenja. \u017divi na pjeskovitom ili muljevitom dnu gdje lovi male \u017eivotinjice prekrivaju\u0107i ih svojim pla\u0161tom. S obje strane tijela ima \u201cnogice\u201d, takozvane cerate, koje odbacuje ko distrakciju kada se osje\u0107a ugro\u017eeno, a kasnije se regeneriraju. Nakon \u0161to se odvoje od tijela, cerate se obi\u010dno nastavljaju gibati pa se nekad vjerovalo da se radi o zasebnoj vrsti crva, parazita. Fotografija je snimljena u uvali \u010cikat, a o\u010dito je plosnoglavac do\u0161ao utjecajem zapadnih vjetrova i povr\u0161inskih morskih struja. Sliku nam je poslao na\u0161 vjerni slu\u0161atelj, deklarirani antivakser i ravnozemlja\u0161!<\/h3>\n<p>&nbsp;<\/p>\n<div id='gallery-1' class='gallery galleryid-10706 gallery-columns-3 gallery-size-thumbnail'><figure class='gallery-item'>\n\t\t\t<div class='gallery-icon landscape'>\n\t\t\t\t<a href='https:\/\/radiojadranka.hr\/index.php\/2024\/06\/11\/tethys-fimbria-jedan-od-najvecih-puzeva-golaca-i-u-nasem-arhipelagu\/attachment\/1718093834637\/'><img decoding=\"async\" width=\"150\" height=\"150\" src=\"https:\/\/radiojadranka.hr\/wp-content\/uploads\/2024\/06\/1718093834637-150x150.jpg\" class=\"attachment-thumbnail size-thumbnail\" alt=\"Tethys fimbria snimljena na \u010cikatu\" srcset=\"https:\/\/radiojadranka.hr\/wp-content\/uploads\/2024\/06\/1718093834637-150x150.jpg 150w, https:\/\/radiojadranka.hr\/wp-content\/uploads\/2024\/06\/1718093834637-770x764.jpg 770w, https:\/\/radiojadranka.hr\/wp-content\/uploads\/2024\/06\/1718093834637-1170x1161.jpg 1170w, https:\/\/radiojadranka.hr\/wp-content\/uploads\/2024\/06\/1718093834637-768x762.jpg 768w, https:\/\/radiojadranka.hr\/wp-content\/uploads\/2024\/06\/1718093834637-1536x1525.jpg 1536w, https:\/\/radiojadranka.hr\/wp-content\/uploads\/2024\/06\/1718093834637-100x100.jpg 100w, https:\/\/radiojadranka.hr\/wp-content\/uploads\/2024\/06\/1718093834637-370x370.jpg 370w, https:\/\/radiojadranka.hr\/wp-content\/uploads\/2024\/06\/1718093834637.jpg 2048w\" sizes=\"(max-width: 150px) 100vw, 150px\" \/><\/a>\n\t\t\t<\/div><\/figure><figure class='gallery-item'>\n\t\t\t<div class='gallery-icon portrait'>\n\t\t\t\t<a href='https:\/\/radiojadranka.hr\/index.php\/2024\/06\/11\/tethys-fimbria-jedan-od-najvecih-puzeva-golaca-i-u-nasem-arhipelagu\/attachment\/1718093834646\/'><img decoding=\"async\" width=\"150\" height=\"150\" src=\"https:\/\/radiojadranka.hr\/wp-content\/uploads\/2024\/06\/1718093834646-150x150.jpg\" class=\"attachment-thumbnail size-thumbnail\" alt=\"Tethys fimbria snimljena na \u010cikatu\" srcset=\"https:\/\/radiojadranka.hr\/wp-content\/uploads\/2024\/06\/1718093834646-150x150.jpg 150w, https:\/\/radiojadranka.hr\/wp-content\/uploads\/2024\/06\/1718093834646-100x100.jpg 100w, https:\/\/radiojadranka.hr\/wp-content\/uploads\/2024\/06\/1718093834646-370x370.jpg 370w\" sizes=\"(max-width: 150px) 100vw, 150px\" \/><\/a>\n\t\t\t<\/div><\/figure><figure class='gallery-item'>\n\t\t\t<div class='gallery-icon portrait'>\n\t\t\t\t<a href='https:\/\/radiojadranka.hr\/index.php\/2024\/06\/11\/tethys-fimbria-jedan-od-najvecih-puzeva-golaca-i-u-nasem-arhipelagu\/attachment\/1718093834627\/'><img decoding=\"async\" width=\"150\" height=\"150\" src=\"https:\/\/radiojadranka.hr\/wp-content\/uploads\/2024\/06\/1718093834627-150x150.jpg\" class=\"attachment-thumbnail size-thumbnail\" alt=\"Tethys fimbria snimljena na \u010cikatu\" srcset=\"https:\/\/radiojadranka.hr\/wp-content\/uploads\/2024\/06\/1718093834627-150x150.jpg 150w, https:\/\/radiojadranka.hr\/wp-content\/uploads\/2024\/06\/1718093834627-100x100.jpg 100w, https:\/\/radiojadranka.hr\/wp-content\/uploads\/2024\/06\/1718093834627-370x370.jpg 370w\" sizes=\"(max-width: 150px) 100vw, 150px\" \/><\/a>\n\t\t\t<\/div><\/figure><figure class='gallery-item'>\n\t\t\t<div class='gallery-icon portrait'>\n\t\t\t\t<a href='https:\/\/radiojadranka.hr\/index.php\/2024\/06\/11\/tethys-fimbria-jedan-od-najvecih-puzeva-golaca-i-u-nasem-arhipelagu\/attachment\/1718093834618\/'><img loading=\"lazy\" decoding=\"async\" width=\"150\" height=\"150\" src=\"https:\/\/radiojadranka.hr\/wp-content\/uploads\/2024\/06\/1718093834618-150x150.jpg\" class=\"attachment-thumbnail size-thumbnail\" alt=\"Tethys fimbria snimljena na \u010cikatu\" srcset=\"https:\/\/radiojadranka.hr\/wp-content\/uploads\/2024\/06\/1718093834618-150x150.jpg 150w, https:\/\/radiojadranka.hr\/wp-content\/uploads\/2024\/06\/1718093834618-100x100.jpg 100w, https:\/\/radiojadranka.hr\/wp-content\/uploads\/2024\/06\/1718093834618-370x370.jpg 370w\" sizes=\"(max-width: 150px) 100vw, 150px\" \/><\/a>\n\t\t\t<\/div><\/figure>\n\t\t<\/div>\n\n","protected":false},"excerpt":{"rendered":"<p>Resasti plosnoglavac (Tethys fimbria), jedan od najve\u0107ih pu\u017eeva gola\u0107a u Jadranu, no rijetko se sre\u0107e u dubinama rekreativnog ronjenja. \u017divi na pjeskovitom ili muljevitom dnu gdje lovi male \u017eivotinjice prekrivaju\u0107i ih svojim pla\u0161tom. S obje strane tijela ima \u201cnogice\u201d, takozvane cerate, koje odbacuje ko distrakciju kada se osje\u0107a ugro\u017eeno, a ...<\/p>\n","protected":false},"author":2,"featured_media":10710,"comment_status":"closed","ping_status":"open","sticky":false,"template":"","format":"audio","meta":{"footnotes":""},"categories":[72],"tags":[],"class_list":["post-10706","post","type-post","status-publish","format-audio","has-post-thumbnail","hentry","category-vijesti","post_format-post-format-audio"],"aioseo_notices":[],"_links":{"self":[{"href":"https:\/\/radiojadranka.hr\/index.php\/wp-json\/wp\/v2\/posts\/10706","targetHints":{"allow":["GET"]}}],"collection":[{"href":"https:\/\/radiojadranka.hr\/index.php\/wp-json\/wp\/v2\/posts"}],"about":[{"href":"https:\/\/radiojadranka.hr\/index.php\/wp-json\/wp\/v2\/types\/post"}],"author":[{"embeddable":true,"href":"https:\/\/radiojadranka.hr\/index.php\/wp-json\/wp\/v2\/users\/2"}],"replies":[{"embeddable":true,"href":"https:\/\/radiojadranka.hr\/index.php\/wp-json\/wp\/v2\/comments?post=10706"}],"version-history":[{"count":4,"href":"https:\/\/radiojadranka.hr\/index.php\/wp-json\/wp\/v2\/posts\/10706\/revisions"}],"predecessor-version":[{"id":10714,"href":"https:\/\/radiojadranka.hr\/index.php\/wp-json\/wp\/v2\/posts\/10706\/revisions\/10714"}],"wp:featuredmedia":[{"embeddable":true,"href":"https:\/\/radiojadranka.hr\/index.php\/wp-json\/wp\/v2\/media\/10710"}],"wp:attachment":[{"href":"https:\/\/radiojadranka.hr\/index.php\/wp-json\/wp\/v2\/media?parent=10706"}],"wp:term":[{"taxonomy":"category","embeddable":true,"href":"https:\/\/radiojadranka.hr\/index.php\/wp-json\/wp\/v2\/categories?post=10706"},{"taxonomy":"post_tag","embeddable":true,"href":"https:\/\/radiojadranka.hr\/index.php\/wp-json\/wp\/v2\/tags?post=10706"}],"curies":[{"name":"wp","href":"https:\/\/api.w.org\/{rel}","templated":true}]}}