{"id":10643,"date":"2024-06-07T13:37:21","date_gmt":"2024-06-07T11:37:21","guid":{"rendered":"https:\/\/radiojadranka.hr\/?p=10643"},"modified":"2024-08-20T08:47:15","modified_gmt":"2024-08-20T06:47:15","slug":"elementor-10643","status":"publish","type":"post","link":"https:\/\/radiojadranka.hr\/index.php\/2024\/06\/07\/elementor-10643\/","title":{"rendered":"Odazovi se i ti na akciju dobrovoljnog darivanja krvi! Spasi \u017eivot!"},"content":{"rendered":"\t\t<div data-elementor-type=\"wp-post\" data-elementor-id=\"10643\" class=\"elementor elementor-10643\">\n\t\t\t\t\t\t<section class=\"elementor-section elementor-top-section elementor-element elementor-element-344d9c2c elementor-section-boxed elementor-section-height-default elementor-section-height-default\" data-id=\"344d9c2c\" data-element_type=\"section\" data-e-type=\"section\">\n\t\t\t\t\t\t<div class=\"elementor-container elementor-column-gap-default\">\n\t\t\t\t\t<div class=\"elementor-column elementor-col-100 elementor-top-column elementor-element elementor-element-40eb3320\" data-id=\"40eb3320\" data-element_type=\"column\" data-e-type=\"column\">\n\t\t\t<div class=\"elementor-widget-wrap elementor-element-populated\">\n\t\t\t\t\t\t<div class=\"elementor-element elementor-element-4e94dd24 elementor-widget elementor-widget-text-editor\" data-id=\"4e94dd24\" data-element_type=\"widget\" data-e-type=\"widget\" data-widget_type=\"text-editor.default\">\n\t\t\t\t<div class=\"elementor-widget-container\">\n\t\t\t\t\t\t\t\t\t<p>Jo\u0161 uvijek je u tijeku druga ovogodi\u0161nja akcija dobrovoljnog darivanja krvu u petom odgojnom domu &#8211; Petici.<\/p><p>Iz gradskog dru\u0161tva Crvenog kri\u017ea pozivaju dosada\u0161nje, ali i oni koji to tek \u017eele postati da se odazovu ovoj akciju. Ukoliko ne stignete danas do 16 sati, pru\u017ea Vam se mogu\u0107nost u ponedjeljak u Cresu u vremenu od 12 do 18 sati.<\/p><p>Budu\u0107i da nam je sezona na vratima, zasigurno \u0107e i potrebe za raznim krvnim grupama rasti! Statisti\u010dke informacije o odazivu na ove akcije dobit \u0107emo naknadno!<\/p><p>Mi jesmo, odazovi se i ti!<\/p><p>\u00a0<\/p>\t\t\t\t\t\t\t\t<\/div>\n\t\t\t\t<\/div>\n\t\t\t\t\t<\/div>\n\t\t<\/div>\n\t\t\t\t\t<\/div>\n\t\t<\/section>\n\t\t\t\t<section class=\"elementor-section elementor-top-section elementor-element elementor-element-b246cf7 elementor-section-boxed elementor-section-height-default elementor-section-height-default\" data-id=\"b246cf7\" data-element_type=\"section\" data-e-type=\"section\">\n\t\t\t\t\t\t<div class=\"elementor-container elementor-column-gap-default\">\n\t\t\t\t\t<div class=\"elementor-column elementor-col-100 elementor-top-column elementor-element elementor-element-6f95bd0\" data-id=\"6f95bd0\" data-element_type=\"column\" data-e-type=\"column\">\n\t\t\t<div class=\"elementor-widget-wrap elementor-element-populated\">\n\t\t\t\t\t\t<div class=\"elementor-element elementor-element-4cea2e1 elementor-widget elementor-widget-proradio-elementor-gallery\" data-id=\"4cea2e1\" data-element_type=\"widget\" data-e-type=\"widget\" data-widget_type=\"proradio-elementor-gallery.default\">\n\t\t\t\t<div class=\"elementor-widget-container\">\n\t\t\t\t\t\t\t\t\t<div class=\"proradio-gallery proradio-sm\">\n\t\t\t\t\t\t\t\t\t\t\t\t<a rel=\"prgallery--prgalleryffa\" href=\"https:\/\/radiojadranka.hr\/wp-content\/uploads\/2024\/06\/1717757908271-1-1170x659.jpg\" class=\"proradio-gallery__item\">\n\t\t\t\t\t\t\t\t<img decoding=\"async\" src=\"https:\/\/radiojadranka.hr\/wp-content\/uploads\/2024\/06\/1717757908271-1-scaled.jpg\" alt=\"1717757908271\">\n\t\t\t\t\t\t\t<\/a>\n\t\t\t\t\t\t\t\t\t\t\t\t\t\t<a rel=\"prgallery--prgalleryffa\" href=\"https:\/\/radiojadranka.hr\/wp-content\/uploads\/2024\/06\/1717757908297-1-1170x659.jpg\" class=\"proradio-gallery__item\">\n\t\t\t\t\t\t\t\t<img decoding=\"async\" src=\"https:\/\/radiojadranka.hr\/wp-content\/uploads\/2024\/06\/1717757908297-1-scaled.jpg\" alt=\"1717757908297\">\n\t\t\t\t\t\t\t<\/a>\n\t\t\t\t\t\t\t\t\t\t\t\t\t\t<a rel=\"prgallery--prgalleryffa\" href=\"https:\/\/radiojadranka.hr\/wp-content\/uploads\/2024\/06\/1717757908206-1170x659.jpg\" class=\"proradio-gallery__item\">\n\t\t\t\t\t\t\t\t<img decoding=\"async\" src=\"https:\/\/radiojadranka.hr\/wp-content\/uploads\/2024\/06\/1717757908206-scaled.jpg\" alt=\"1717757908206\">\n\t\t\t\t\t\t\t<\/a>\n\t\t\t\t\t\t\t\t\t\t\t<\/div>\n\t\t\t\t\t\t\t<\/div>\n\t\t\t\t<\/div>\n\t\t\t\t\t<\/div>\n\t\t<\/div>\n\t\t\t\t\t<\/div>\n\t\t<\/section>\n\t\t\t\t<section class=\"elementor-section elementor-top-section elementor-element elementor-element-f201836 elementor-section-boxed elementor-section-height-default elementor-section-height-default\" data-id=\"f201836\" data-element_type=\"section\" data-e-type=\"section\">\n\t\t\t\t\t\t<div class=\"elementor-container elementor-column-gap-default\">\n\t\t\t\t\t<div class=\"elementor-column elementor-col-100 elementor-top-column elementor-element elementor-element-0a592d6\" data-id=\"0a592d6\" data-element_type=\"column\" data-e-type=\"column\">\n\t\t\t<div class=\"elementor-widget-wrap elementor-element-populated\">\n\t\t\t\t\t\t<div class=\"elementor-element elementor-element-90ec043 elementor-widget elementor-widget-proradio-elementor-qt-caption\" data-id=\"90ec043\" data-element_type=\"widget\" data-e-type=\"widget\" data-widget_type=\"proradio-elementor-qt-caption.default\">\n\t\t\t\t<div class=\"elementor-widget-container\">\n\t\t\t\t\t\t\t<div>\n\t\t\t<h3  class=\"proradio-element-caption proradio-caption  proradio-caption__m  \" data-qtwaypoints-offset=\"30\" data-qtwaypoints>\t\t\t\t<span><\/span>\n\t\t\t\t<\/h3>\t\t<\/div>\n\t\t\t\t\t\t<\/div>\n\t\t\t\t<\/div>\n\t\t\t\t\t<\/div>\n\t\t<\/div>\n\t\t\t\t\t<\/div>\n\t\t<\/section>\n\t\t\t\t<\/div>\n\t\t","protected":false},"excerpt":{"rendered":"<p>Jo\u0161 uvijek je u tijeku druga ovogodi\u0161nja akcija dobrovoljnog darivanja krvu u petom odgojnom domu &#8211; Petici. Iz gradskog dru\u0161tva Crvenog kri\u017ea pozivaju dosada\u0161nje, ali i oni koji to tek \u017eele postati da se odazovu ovoj akciju. Ukoliko ne stignete danas do 16 sati, pru\u017ea Vam se mogu\u0107nost u ponedjeljak ...<\/p>\n","protected":false},"author":2,"featured_media":10615,"comment_status":"closed","ping_status":"open","sticky":false,"template":"","format":"audio","meta":{"footnotes":""},"categories":[72],"tags":[],"class_list":["post-10643","post","type-post","status-publish","format-audio","has-post-thumbnail","hentry","category-vijesti","post_format-post-format-audio"],"aioseo_notices":[],"_links":{"self":[{"href":"https:\/\/radiojadranka.hr\/index.php\/wp-json\/wp\/v2\/posts\/10643","targetHints":{"allow":["GET"]}}],"collection":[{"href":"https:\/\/radiojadranka.hr\/index.php\/wp-json\/wp\/v2\/posts"}],"about":[{"href":"https:\/\/radiojadranka.hr\/index.php\/wp-json\/wp\/v2\/types\/post"}],"author":[{"embeddable":true,"href":"https:\/\/radiojadranka.hr\/index.php\/wp-json\/wp\/v2\/users\/2"}],"replies":[{"embeddable":true,"href":"https:\/\/radiojadranka.hr\/index.php\/wp-json\/wp\/v2\/comments?post=10643"}],"version-history":[{"count":4,"href":"https:\/\/radiojadranka.hr\/index.php\/wp-json\/wp\/v2\/posts\/10643\/revisions"}],"predecessor-version":[{"id":10648,"href":"https:\/\/radiojadranka.hr\/index.php\/wp-json\/wp\/v2\/posts\/10643\/revisions\/10648"}],"wp:featuredmedia":[{"embeddable":true,"href":"https:\/\/radiojadranka.hr\/index.php\/wp-json\/wp\/v2\/media\/10615"}],"wp:attachment":[{"href":"https:\/\/radiojadranka.hr\/index.php\/wp-json\/wp\/v2\/media?parent=10643"}],"wp:term":[{"taxonomy":"category","embeddable":true,"href":"https:\/\/radiojadranka.hr\/index.php\/wp-json\/wp\/v2\/categories?post=10643"},{"taxonomy":"post_tag","embeddable":true,"href":"https:\/\/radiojadranka.hr\/index.php\/wp-json\/wp\/v2\/tags?post=10643"}],"curies":[{"name":"wp","href":"https:\/\/api.w.org\/{rel}","templated":true}]}}