{"id":10601,"date":"2024-06-07T12:13:21","date_gmt":"2024-06-07T10:13:21","guid":{"rendered":"https:\/\/radiojadranka.hr\/?p=10601"},"modified":"2024-08-20T08:47:15","modified_gmt":"2024-08-20T06:47:15","slug":"uz-kaznenu-prijavu-mjerodavnom-drzavnom-odvjetnistvu-38-godisnji-osumnjicenik-je-predan-pritvorskom-nadzorniku","status":"publish","type":"post","link":"https:\/\/radiojadranka.hr\/index.php\/2024\/06\/07\/uz-kaznenu-prijavu-mjerodavnom-drzavnom-odvjetnistvu-38-godisnji-osumnjicenik-je-predan-pritvorskom-nadzorniku\/","title":{"rendered":"Uz kaznenu prijavu mjerodavnom dr\u017eavnom odvjetni\u0161tvu, 38-godi\u0161nji osumnji\u010denik je predan pritvorskom nadzorniku"},"content":{"rendered":"<p>Podno\u0161enjem kaznene prijave protiv 38-godi\u0161njeg hrvatskog dr\u017eavljanina, dovr\u0161eno je kriminalisti\u010dko istra\u017eivanje koje su proveli policijski slu\u017ebenici Policijske postaje Mali Lo\u0161inj s ispostavom Cres.<\/p>\n<p>Osumnji\u010denog 38-godi\u0161njaka policija je prijavila za po\u010dinjenje dva kaznena djela- te\u0161ka tjelesna ozljeda i prijetnja.<\/p>\n<p>Naime,\u00a0rije\u010d je o osobi\u00a0koji je\u00a0u utorak, 4. lipnja oko 12 sati, na podru\u010dju Velog Lo\u0161inja remetio javni red i mir te vrije\u0111ao troje hrvatskih dr\u017eavljana. Pri tome je jednom od njih 32-godi\u0161njaku upu\u0107ivao i prijetnje, nakon kojih je u njihovom smjeru bacao kamenje.<\/p>\n<p>O\u0161te\u0107enom 32-godi\u0161njaku je\u00a0dijagnosticirana te\u0161ka tjelesna ozljeda, a 58-godi\u0161njaku lak\u0161a ozljeda.<\/p>\n<p>Tijekom istra\u017eivanja je tako\u0111er utvr\u0111eno da je 38-godi\u0161njak u proteklih desetak dana o\u0161te\u0107enom 32-godi\u0161njaku u vi\u0161e navrata uputio prijetnje koje su kod njega izazvale bojazan za \u017eivot.<\/p>\n<p>Po zavr\u0161etku istra\u017eivanja, 38-godi\u0161nji osumnji\u010denik je uz kaznenu prijavu mjerodavnom dr\u017eavnom odvjetni\u0161tvu za po\u010dinjenje navedenih kaznenih djela, predan pritvorskom nadzorniku.<\/p>\n<p>Stoji u priop\u0107enju Policijske uprave Primorsko-goranske<\/p>\n<p>Foto: Ilustracija<img fetchpriority=\"high\" decoding=\"async\" class=\"alignnone size-full wp-image-10602\" src=\"https:\/\/radiojadranka.hr\/wp-content\/uploads\/2024\/06\/OIP.jpg\" alt=\"\" width=\"474\" height=\"385\" \/><\/p>\n","protected":false},"excerpt":{"rendered":"<p>Podno\u0161enjem kaznene prijave protiv 38-godi\u0161njeg hrvatskog dr\u017eavljanina, dovr\u0161eno je kriminalisti\u010dko istra\u017eivanje koje su proveli policijski slu\u017ebenici Policijske postaje Mali Lo\u0161inj s ispostavom Cres. Osumnji\u010denog 38-godi\u0161njaka policija je prijavila za po\u010dinjenje dva kaznena djela- te\u0161ka tjelesna ozljeda i prijetnja. Naime,\u00a0rije\u010d je o osobi\u00a0koji je\u00a0u utorak, 4. lipnja oko 12 sati, na ...<\/p>\n","protected":false},"author":2,"featured_media":10602,"comment_status":"closed","ping_status":"open","sticky":false,"template":"","format":"audio","meta":{"footnotes":""},"categories":[72],"tags":[],"class_list":["post-10601","post","type-post","status-publish","format-audio","has-post-thumbnail","hentry","category-vijesti","post_format-post-format-audio"],"aioseo_notices":[],"_links":{"self":[{"href":"https:\/\/radiojadranka.hr\/index.php\/wp-json\/wp\/v2\/posts\/10601","targetHints":{"allow":["GET"]}}],"collection":[{"href":"https:\/\/radiojadranka.hr\/index.php\/wp-json\/wp\/v2\/posts"}],"about":[{"href":"https:\/\/radiojadranka.hr\/index.php\/wp-json\/wp\/v2\/types\/post"}],"author":[{"embeddable":true,"href":"https:\/\/radiojadranka.hr\/index.php\/wp-json\/wp\/v2\/users\/2"}],"replies":[{"embeddable":true,"href":"https:\/\/radiojadranka.hr\/index.php\/wp-json\/wp\/v2\/comments?post=10601"}],"version-history":[{"count":1,"href":"https:\/\/radiojadranka.hr\/index.php\/wp-json\/wp\/v2\/posts\/10601\/revisions"}],"predecessor-version":[{"id":10603,"href":"https:\/\/radiojadranka.hr\/index.php\/wp-json\/wp\/v2\/posts\/10601\/revisions\/10603"}],"wp:featuredmedia":[{"embeddable":true,"href":"https:\/\/radiojadranka.hr\/index.php\/wp-json\/wp\/v2\/media\/10602"}],"wp:attachment":[{"href":"https:\/\/radiojadranka.hr\/index.php\/wp-json\/wp\/v2\/media?parent=10601"}],"wp:term":[{"taxonomy":"category","embeddable":true,"href":"https:\/\/radiojadranka.hr\/index.php\/wp-json\/wp\/v2\/categories?post=10601"},{"taxonomy":"post_tag","embeddable":true,"href":"https:\/\/radiojadranka.hr\/index.php\/wp-json\/wp\/v2\/tags?post=10601"}],"curies":[{"name":"wp","href":"https:\/\/api.w.org\/{rel}","templated":true}]}}