{"id":10528,"date":"2024-06-05T17:03:16","date_gmt":"2024-06-05T15:03:16","guid":{"rendered":"https:\/\/radiojadranka.hr\/?p=10528"},"modified":"2024-08-20T08:47:15","modified_gmt":"2024-08-20T06:47:15","slug":"sesnaest-ugostitelja-primilo-certifikate-taste-of-vitality","status":"publish","type":"post","link":"https:\/\/radiojadranka.hr\/index.php\/2024\/06\/05\/sesnaest-ugostitelja-primilo-certifikate-taste-of-vitality\/","title":{"rendered":"\u0160esnaest ugostitelja primilo certifikate &#8220;Taste of Vitality&#8221;!"},"content":{"rendered":"<p>Danas su po prvi puta uru\u010deni certifikati \u201eTaste of Vitality\u201d, u sklopu projektu Turisti\u010dke zajednice Grada Malog Lo\u0161inja. Jela su to bogata hranjivim tvarima koja podr\u017eavaju op\u0107u dobrobit i razinu energije. Nagla\u0161ava se uravnote\u017eena prehrana s esencijalnim vitaminima, mineralima i drugim nutrijentima za promicanje vitalnosti i zdravlja s posebnim naglaskom na na\u010din kuhanja i pripreme hrane.<\/p>\n<p>Projekt je pokrenula Turisti\u010dka zajednica Grada Malog Lo\u0161inja, a realiziran je u suradnji s klubom Gastronaut, odnosno gospo\u0111om Karin Mimica\u00a0 te nutricionisticom Dijanom Gluhak Spaji\u0107 urednicom Healthy meal standarda.<\/p>\n<p>Osmi\u0161ljena jela, nakon konzumacije \u201cpodignuti \u0107e gosta\u201d umjesto da ga &#8220;uspava&#8221; istaknula je Mimica, te dodala:\u00a0 \u201cnisu to samo vegetarijanska jela, ima ribe, mesa i ukusnih i zdravih napitaka&#8221;!<\/p>\n<p>&#8220;Projekt je sigurno doprinio projektu \u201cKvarner Europska regija gastronomije u 2026. godini\u201d, za koju je <span class=\"html-span xdj266r x11i5rnm xat24cr x1mh8g0r xexx8yu x4uap5 x18d9i69 xkhd6sd x1hl2dhg x16tdsg8 x1vvkbs\"><a class=\"x1i10hfl xjbqb8w x1ejq31n xd10rxx x1sy0etr x17r0tee x972fbf xcfux6l x1qhh985 xm0m39n x9f619 x1ypdohk xt0psk2 xe8uvvx xdj266r x11i5rnm xat24cr x1mh8g0r xexx8yu x4uap5 x18d9i69 xkhd6sd x16tdsg8 x1hl2dhg xggy1nq x1a2a7pz x1sur9pj xkrqix3 x1fey0fg xo1l8bm\" tabindex=\"0\" role=\"link\" href=\"https:\/\/www.facebook.com\/kvarner.hr?__cft__[0]=AZUZV-5IUFxVzMZzqMSgKL_hU77RErc5FdWwpd_PPEEMFbw4sARAuUga1oASwAQhR_DkV5wwN5rV7ygN-NRHHDSX3QQXmabaiMKQQtMLwrjHIHXOyfUGMEqsUEeRhkhF1pt9PwjBOW_iqTaQyVeRyFC9Ti_sP3wsaMnNsxb-ffvk_gQphVo6gBUsJ_bECs53NrRJx3ANrbASFuTXRxGT35g_&amp;__tn__=-]K-R\"><span class=\"xt0psk2\">Visit Kvarner<\/span><\/a><\/span>\u00a0 dobio i slu\u017ebenu preporuku za osvajanje titule Europske regije gastronomije u 2026. godini! Preporuku je dalo stru\u010dno povjerenstvo instituta <span class=\"html-span xdj266r x11i5rnm xat24cr x1mh8g0r xexx8yu x4uap5 x18d9i69 xkhd6sd x1hl2dhg x16tdsg8 x1vvkbs\"><a class=\"x1i10hfl xjbqb8w x1ejq31n xd10rxx x1sy0etr x17r0tee x972fbf xcfux6l x1qhh985 xm0m39n x9f619 x1ypdohk xt0psk2 xe8uvvx xdj266r x11i5rnm xat24cr x1mh8g0r xexx8yu x4uap5 x18d9i69 xkhd6sd x16tdsg8 x1hl2dhg xggy1nq x1a2a7pz x1sur9pj xkrqix3 x1fey0fg xo1l8bm\" tabindex=\"0\" role=\"link\" href=\"https:\/\/www.facebook.com\/IGCAT2?__cft__[0]=AZUZV-5IUFxVzMZzqMSgKL_hU77RErc5FdWwpd_PPEEMFbw4sARAuUga1oASwAQhR_DkV5wwN5rV7ygN-NRHHDSX3QQXmabaiMKQQtMLwrjHIHXOyfUGMEqsUEeRhkhF1pt9PwjBOW_iqTaQyVeRyFC9Ti_sP3wsaMnNsxb-ffvk_gQphVo6gBUsJ_bECs53NrRJx3ANrbASFuTXRxGT35g_&amp;__tn__=-]K-R\"><span class=\"xt0psk2\">IGCAT<\/span><\/a><\/span> nakon obilaska regije, a potvrda\u00a0 slijedi na Vije\u0107u instituta IGCAT koncem lipnja, nakon \u010dega sti\u017ee i slu\u017ebeno progla\u0161enje! &#8220;, naglasio je u govoru direktor Cvitkovi\u0107.<\/p>\n<p>U projekt se uklju\u010dilo \u0161esnaest ugostiteljskih objekata s 54 jela i 6 napitaka. To su restorani: Artatore, Baracuda, Bocca Vera, BoraBar, Borik Mediterranean Bar, Corrado, Deveron Gastropub, Diana, Manora, Mare, Silvana, Veli \u017eal, Za Kantuni, Trojka, te Moby Dick Gelateria te Torte i To!<\/p>\n<p>Sve\u010danost su uveli\u010dali u\u010denici glazbenog odjeljenja Osnovne \u0161kole Maria Martinoli\u0107a iz Malog Lo\u0161inja pod vodstvom njihovih u\u010diteljica Mirjane Nikoli\u0107 i Vesne Kireta. Nastupili su na glasoviru Karolina Jurekovi\u0107 i Marko Dr\u010da, te mali zbor ove glazbene \u0161kole! Ove mali\u0161ane treba \u010de\u0161\u0107e pozivati na ovakve i sli\u010dne sve\u010danosti, kako bi \u0161ira javnost u\u017eivala u njihovim nastupima te uvidjela talent i trud!<\/p>\n<p>&nbsp;<\/p>\n<p><iframe title=\"050624 Karin Mimica Taste Of Vitality\" width=\"100%\" height=\"120\" src=\"https:\/\/www.mixcloud.com\/widget\/iframe\/?feed=https%3A%2F%2Fwww.mixcloud.com%2Fradio_jadranka%2F050624-karin-mimica-taste-of-vitality%2F&amp;hide_cover=1\" frameborder=\"0\"><\/iframe><\/p>\n<figure id=\"attachment_10238\" aria-describedby=\"caption-attachment-10238\" style=\"width: 150px\" class=\"wp-caption alignnone\"><a href=\"https:\/\/turboscribe.ai\/transcript\/share\/4548635623646216382\/4gHeNsCxmzZvdy3HK8d_AxRKL0iNJ-S2PR1upWcJD_w\/050624-karin-mimica-2\"><img decoding=\"async\" class=\"size-thumbnail wp-image-10238\" src=\"https:\/\/radiojadranka.hr\/wp-content\/uploads\/2024\/05\/logo-za-gluhe-150x150.jpg\" alt=\"\" width=\"150\" height=\"150\" srcset=\"https:\/\/radiojadranka.hr\/wp-content\/uploads\/2024\/05\/logo-za-gluhe-150x150.jpg 150w, https:\/\/radiojadranka.hr\/wp-content\/uploads\/2024\/05\/logo-za-gluhe-100x100.jpg 100w, https:\/\/radiojadranka.hr\/wp-content\/uploads\/2024\/05\/logo-za-gluhe.jpg 307w\" sizes=\"(max-width: 150px) 100vw, 150px\" \/><\/a><figcaption id=\"caption-attachment-10238\" class=\"wp-caption-text\">Prilago\u0111eno osobama s o\u0161te\u0107enjem sluha<\/figcaption><\/figure>\n<div id='gallery-1' class='gallery galleryid-10528 gallery-columns-3 gallery-size-thumbnail'><figure class='gallery-item'>\n\t\t\t<div class='gallery-icon landscape'>\n\t\t\t\t<a href='https:\/\/radiojadranka.hr\/index.php\/2024\/06\/05\/sesnaest-ugostitelja-primilo-certifikate-taste-of-vitality\/attachment\/1717597886173\/'><img decoding=\"async\" width=\"150\" height=\"150\" src=\"https:\/\/radiojadranka.hr\/wp-content\/uploads\/2024\/06\/1717597886173-150x150.jpg\" class=\"attachment-thumbnail size-thumbnail\" alt=\"\" srcset=\"https:\/\/radiojadranka.hr\/wp-content\/uploads\/2024\/06\/1717597886173-150x150.jpg 150w, https:\/\/radiojadranka.hr\/wp-content\/uploads\/2024\/06\/1717597886173-100x100.jpg 100w, https:\/\/radiojadranka.hr\/wp-content\/uploads\/2024\/06\/1717597886173-370x370.jpg 370w\" sizes=\"(max-width: 150px) 100vw, 150px\" \/><\/a>\n\t\t\t<\/div><\/figure><figure class='gallery-item'>\n\t\t\t<div class='gallery-icon portrait'>\n\t\t\t\t<a href='https:\/\/radiojadranka.hr\/index.php\/2024\/06\/05\/sesnaest-ugostitelja-primilo-certifikate-taste-of-vitality\/attachment\/1717597886183\/'><img decoding=\"async\" width=\"150\" height=\"150\" src=\"https:\/\/radiojadranka.hr\/wp-content\/uploads\/2024\/06\/1717597886183-150x150.jpg\" class=\"attachment-thumbnail size-thumbnail\" alt=\"\" srcset=\"https:\/\/radiojadranka.hr\/wp-content\/uploads\/2024\/06\/1717597886183-150x150.jpg 150w, https:\/\/radiojadranka.hr\/wp-content\/uploads\/2024\/06\/1717597886183-100x100.jpg 100w, https:\/\/radiojadranka.hr\/wp-content\/uploads\/2024\/06\/1717597886183-370x370.jpg 370w\" sizes=\"(max-width: 150px) 100vw, 150px\" \/><\/a>\n\t\t\t<\/div><\/figure><figure class='gallery-item'>\n\t\t\t<div class='gallery-icon landscape'>\n\t\t\t\t<a href='https:\/\/radiojadranka.hr\/index.php\/2024\/06\/05\/sesnaest-ugostitelja-primilo-certifikate-taste-of-vitality\/attachment\/1717597886194\/'><img loading=\"lazy\" decoding=\"async\" width=\"150\" height=\"150\" src=\"https:\/\/radiojadranka.hr\/wp-content\/uploads\/2024\/06\/1717597886194-150x150.jpg\" class=\"attachment-thumbnail size-thumbnail\" alt=\"\" srcset=\"https:\/\/radiojadranka.hr\/wp-content\/uploads\/2024\/06\/1717597886194-150x150.jpg 150w, https:\/\/radiojadranka.hr\/wp-content\/uploads\/2024\/06\/1717597886194-100x100.jpg 100w, https:\/\/radiojadranka.hr\/wp-content\/uploads\/2024\/06\/1717597886194-370x370.jpg 370w\" sizes=\"(max-width: 150px) 100vw, 150px\" \/><\/a>\n\t\t\t<\/div><\/figure><figure class='gallery-item'>\n\t\t\t<div class='gallery-icon landscape'>\n\t\t\t\t<a href='https:\/\/radiojadranka.hr\/index.php\/2024\/06\/05\/sesnaest-ugostitelja-primilo-certifikate-taste-of-vitality\/attachment\/1717597886205\/'><img loading=\"lazy\" decoding=\"async\" width=\"150\" height=\"150\" src=\"https:\/\/radiojadranka.hr\/wp-content\/uploads\/2024\/06\/1717597886205-150x150.jpg\" class=\"attachment-thumbnail size-thumbnail\" alt=\"\" srcset=\"https:\/\/radiojadranka.hr\/wp-content\/uploads\/2024\/06\/1717597886205-150x150.jpg 150w, https:\/\/radiojadranka.hr\/wp-content\/uploads\/2024\/06\/1717597886205-100x100.jpg 100w, https:\/\/radiojadranka.hr\/wp-content\/uploads\/2024\/06\/1717597886205-370x370.jpg 370w\" sizes=\"(max-width: 150px) 100vw, 150px\" \/><\/a>\n\t\t\t<\/div><\/figure><figure class='gallery-item'>\n\t\t\t<div class='gallery-icon portrait'>\n\t\t\t\t<a href='https:\/\/radiojadranka.hr\/index.php\/2024\/06\/05\/sesnaest-ugostitelja-primilo-certifikate-taste-of-vitality\/attachment\/1717597886162\/'><img loading=\"lazy\" decoding=\"async\" width=\"150\" height=\"150\" src=\"https:\/\/radiojadranka.hr\/wp-content\/uploads\/2024\/06\/1717597886162-150x150.jpg\" class=\"attachment-thumbnail size-thumbnail\" alt=\"\" srcset=\"https:\/\/radiojadranka.hr\/wp-content\/uploads\/2024\/06\/1717597886162-150x150.jpg 150w, https:\/\/radiojadranka.hr\/wp-content\/uploads\/2024\/06\/1717597886162-100x100.jpg 100w, https:\/\/radiojadranka.hr\/wp-content\/uploads\/2024\/06\/1717597886162-370x370.jpg 370w\" sizes=\"(max-width: 150px) 100vw, 150px\" \/><\/a>\n\t\t\t<\/div><\/figure>\n\t\t<\/div>\n\n","protected":false},"excerpt":{"rendered":"<p>Danas su po prvi puta uru\u010deni certifikati \u201eTaste of Vitality\u201d, u sklopu projektu Turisti\u010dke zajednice Grada Malog Lo\u0161inja. Jela su to bogata hranjivim tvarima koja podr\u017eavaju op\u0107u dobrobit i razinu energije. Nagla\u0161ava se uravnote\u017eena prehrana s esencijalnim vitaminima, mineralima i drugim nutrijentima za promicanje vitalnosti i zdravlja s posebnim naglaskom ...<\/p>\n","protected":false},"author":1,"featured_media":10544,"comment_status":"closed","ping_status":"open","sticky":false,"template":"","format":"audio","meta":{"footnotes":""},"categories":[72],"tags":[],"class_list":["post-10528","post","type-post","status-publish","format-audio","has-post-thumbnail","hentry","category-vijesti","post_format-post-format-audio"],"aioseo_notices":[],"_links":{"self":[{"href":"https:\/\/radiojadranka.hr\/index.php\/wp-json\/wp\/v2\/posts\/10528","targetHints":{"allow":["GET"]}}],"collection":[{"href":"https:\/\/radiojadranka.hr\/index.php\/wp-json\/wp\/v2\/posts"}],"about":[{"href":"https:\/\/radiojadranka.hr\/index.php\/wp-json\/wp\/v2\/types\/post"}],"author":[{"embeddable":true,"href":"https:\/\/radiojadranka.hr\/index.php\/wp-json\/wp\/v2\/users\/1"}],"replies":[{"embeddable":true,"href":"https:\/\/radiojadranka.hr\/index.php\/wp-json\/wp\/v2\/comments?post=10528"}],"version-history":[{"count":5,"href":"https:\/\/radiojadranka.hr\/index.php\/wp-json\/wp\/v2\/posts\/10528\/revisions"}],"predecessor-version":[{"id":10559,"href":"https:\/\/radiojadranka.hr\/index.php\/wp-json\/wp\/v2\/posts\/10528\/revisions\/10559"}],"wp:featuredmedia":[{"embeddable":true,"href":"https:\/\/radiojadranka.hr\/index.php\/wp-json\/wp\/v2\/media\/10544"}],"wp:attachment":[{"href":"https:\/\/radiojadranka.hr\/index.php\/wp-json\/wp\/v2\/media?parent=10528"}],"wp:term":[{"taxonomy":"category","embeddable":true,"href":"https:\/\/radiojadranka.hr\/index.php\/wp-json\/wp\/v2\/categories?post=10528"},{"taxonomy":"post_tag","embeddable":true,"href":"https:\/\/radiojadranka.hr\/index.php\/wp-json\/wp\/v2\/tags?post=10528"}],"curies":[{"name":"wp","href":"https:\/\/api.w.org\/{rel}","templated":true}]}}