{"id":10498,"date":"2024-06-05T08:42:06","date_gmt":"2024-06-05T06:42:06","guid":{"rendered":"https:\/\/radiojadranka.hr\/?p=10498"},"modified":"2024-08-20T08:47:15","modified_gmt":"2024-08-20T06:47:15","slug":"10498","status":"publish","type":"post","link":"https:\/\/radiojadranka.hr\/index.php\/2024\/06\/05\/10498\/","title":{"rendered":"Ovog vikenda prona\u0111ite aktivnost za sebe!"},"content":{"rendered":"<div id=\"\" class=\"x-container max width\">\n<div class=\"x-column x-sm x-1-1\">\n<div id=\"\" class=\"x-text\">\n<p>Na otoku Lo\u0161inju \u0107e se od 7. do 9. lipnja odr\u017eati <em><strong>Lo\u0161injski vikend vitalnosti, <\/strong>a<\/em> povodom me\u0111unarodne manifestacije <em>Global Wellness Day<\/em>. Tom prigodom organizira se cijeli niz aktivvnosti od onih za najmla\u0111e uzraste do onih za umirovljenike. Sudionici \u0107e mo\u0107i sudjelovati u podvodnoj orijentaciji, interaktivnim treninzima i smoothie radionicama za djecu, odbojci na pijesku, mini trkama, fit treninzima, pje\u0161a\u010dkim turama, vje\u017ebama disanja i jogi u prirodi. Tako\u0111er, bit \u0107e organizirane pilates sesije, energi\u010dni treninzi s besplatnim mjerenjem tlaka i zdravstvenim savjetima, hike ture, \u0161umska terapija, kajak ture, biciklisti\u010dke ture pri zalasku sunca, te vje\u017ebe disanja i nordijsko hodanje. Program zavr\u0161ava aktivnostima poput full body workouta, audio floatinga za smanjenje stresa i SUP tura.<\/p>\n<p><strong>Global Wellness Day<\/strong> posebna je manifestacija kojom se cijeli svijet podsje\u0107a na va\u017enost dobrog na\u010dina \u017eivljenja, \u0161to uklju\u010duje sve od redovite tjelovje\u017ebe, zdrave hrane i unutarnjeg zdravlja do ravnote\u017ee tijela i duha.Osnovna zada\u0107a ove manifestacije je podi\u0107i svijest ljudi o vrijednosti njihovih \u017eivota. Radi se o dru\u0161tvenom pokretu bez ikakve komercijalne svrhe koji se svake godine obilje\u017eava diljem svijeta druge subote u lipnju. Osnovna zada\u0107a ove manifestacije je podi\u0107i svijest ljudi o vrijednosti njihovih \u017eivota. Cilj je da se barem na jedan dan u godini ljudi u cijelom svijetu nakratko zaustave i zamisle, odmaknu na trenutak od stresa gradskog na\u010dina \u017eivota i lo\u0161ih navika, i tako prona\u0111u svoj mir. Global wellness day, prvi je put na Lo\u0161inju odr\u017ean 2016.godine, \u0161to je ujedno te godine bilo i prvi put u na\u0161oj zemlji.\u00a0 Vrijedna je to manifestacija koja poti\u010de ljude na fizi\u010dku aktivnost. \u010cini mi se da je u na\u0161oj zajednici &#8220;Lo\u0161injski dan vitalnosti&#8221; zamijenio &#8220;Svjetski dan sporta&#8221;, koji se (nitko ne zna za\u0161to) na Lo\u0161inju prestao obilje\u017eavatiobilje\u017eavao posljednje srijede u svibnju. U subotu, na sam &#8220;Global Wellness Day&#8221;, odr\u017eat \u0107e se i program na glavnom gradskom trgu u sklopu &#8220;Lo\u0161injskog dana vitalnosti&#8221; naziva &#8220;<a href=\"https:\/\/www.visitlosinj.hr\/hr\/aktivna-hrvatska-by-renata-sopek.aspx?q=1-1106-1-1\">Aktivna Hrvatska<\/a>&#8220;! program \u0107e voditi Mario Mlinari\u0107 i Renata Sopek.<\/p>\n<p>Bilo kako bilo, pred nama su mogu\u0107nosti aktivnog vikenda, izaberimo ono \u0161to vam najvi\u0161e odgovara, uklju\u010dite se! Za pojedine aktivnosti treba svoj dolazak najaviti na <a href=\"https:\/\/www.visitlosinj.hr\/hr\/losinjski-vikend-vitalnosti.aspx?q=1-1106-1-1\">Lo\u0161injski vikend vitalnosti!<\/a><\/p>\n<p><strong>Evo i nekoliko napomena:<\/strong><\/p>\n<\/div>\n<\/div>\n<p>*sudjelovanje je besplatno i namijenjeno lokalnim stanovnicima i gostima<br \/>\n*broj sudionika je ograni\u010den te je potrebno rezervirati svoje mjesto putem navedenih brojeva telefona<br \/>\n*pripaziti na odgovaraju\u0107u odje\u0107u\/opremu (najbolje je posavjetovati se putem navedenih brojeva telefona)<br \/>\n*termini doga\u0111anja podlo\u017eni su promjenama<\/p>\n<p>foto: Turisti\u010dka zajednica Grada Malog Lo\u0161inja<\/p>\n<div id='gallery-1' class='gallery galleryid-10498 gallery-columns-3 gallery-size-thumbnail'><figure class='gallery-item'>\n\t\t\t<div class='gallery-icon landscape'>\n\t\t\t\t<a href='https:\/\/radiojadranka.hr\/index.php\/2024\/06\/05\/10498\/aktivna-hrvatska-by-renata-sopek-638530356859507376_920_5172x\/'><img decoding=\"async\" width=\"150\" height=\"150\" src=\"https:\/\/radiojadranka.hr\/wp-content\/uploads\/2024\/06\/aktivna-hrvatska-by-renata-sopek-638530356859507376_920_517@2x-150x150.jpeg\" class=\"attachment-thumbnail size-thumbnail\" alt=\"\" srcset=\"https:\/\/radiojadranka.hr\/wp-content\/uploads\/2024\/06\/aktivna-hrvatska-by-renata-sopek-638530356859507376_920_517@2x-150x150.jpeg 150w, https:\/\/radiojadranka.hr\/wp-content\/uploads\/2024\/06\/aktivna-hrvatska-by-renata-sopek-638530356859507376_920_517@2x-100x100.jpeg 100w, https:\/\/radiojadranka.hr\/wp-content\/uploads\/2024\/06\/aktivna-hrvatska-by-renata-sopek-638530356859507376_920_517@2x-370x370.jpeg 370w\" sizes=\"(max-width: 150px) 100vw, 150px\" \/><\/a>\n\t\t\t<\/div><\/figure><figure class='gallery-item'>\n\t\t\t<div class='gallery-icon portrait'>\n\t\t\t\t<a href='https:\/\/radiojadranka.hr\/index.php\/2024\/06\/05\/10498\/447301744_875701801262470_7286822693334644602_n\/'><img decoding=\"async\" width=\"150\" height=\"150\" src=\"https:\/\/radiojadranka.hr\/wp-content\/uploads\/2024\/06\/447301744_875701801262470_7286822693334644602_n-150x150.jpg\" class=\"attachment-thumbnail size-thumbnail\" alt=\"\" srcset=\"https:\/\/radiojadranka.hr\/wp-content\/uploads\/2024\/06\/447301744_875701801262470_7286822693334644602_n-150x150.jpg 150w, https:\/\/radiojadranka.hr\/wp-content\/uploads\/2024\/06\/447301744_875701801262470_7286822693334644602_n-100x100.jpg 100w, https:\/\/radiojadranka.hr\/wp-content\/uploads\/2024\/06\/447301744_875701801262470_7286822693334644602_n-370x370.jpg 370w\" sizes=\"(max-width: 150px) 100vw, 150px\" \/><\/a>\n\t\t\t<\/div><\/figure>\n\t\t<\/div>\n\n<p><strong>\u00a0<\/strong><\/p>\n<\/div>\n","protected":false},"excerpt":{"rendered":"<p>Na otoku Lo\u0161inju \u0107e se od 7. do 9. lipnja odr\u017eati Lo\u0161injski vikend vitalnosti, a povodom me\u0111unarodne manifestacije Global Wellness Day. Tom prigodom organizira se cijeli niz aktivvnosti od onih za najmla\u0111e uzraste do onih za umirovljenike. Sudionici \u0107e mo\u0107i sudjelovati u podvodnoj orijentaciji, interaktivnim treninzima i smoothie radionicama za ...<\/p>\n","protected":false},"author":1,"featured_media":10503,"comment_status":"closed","ping_status":"open","sticky":false,"template":"","format":"standard","meta":{"footnotes":""},"categories":[72],"tags":[118,116,119,120,117],"class_list":["post-10498","post","type-post","status-publish","format-standard","has-post-thumbnail","hentry","category-vijesti","tag-global-wellnes-day","tag-otok-vitalnosti","tag-radiojadranka","tag-radiolosinj","tag-visitlosinj"],"aioseo_notices":[],"_links":{"self":[{"href":"https:\/\/radiojadranka.hr\/index.php\/wp-json\/wp\/v2\/posts\/10498","targetHints":{"allow":["GET"]}}],"collection":[{"href":"https:\/\/radiojadranka.hr\/index.php\/wp-json\/wp\/v2\/posts"}],"about":[{"href":"https:\/\/radiojadranka.hr\/index.php\/wp-json\/wp\/v2\/types\/post"}],"author":[{"embeddable":true,"href":"https:\/\/radiojadranka.hr\/index.php\/wp-json\/wp\/v2\/users\/1"}],"replies":[{"embeddable":true,"href":"https:\/\/radiojadranka.hr\/index.php\/wp-json\/wp\/v2\/comments?post=10498"}],"version-history":[{"count":5,"href":"https:\/\/radiojadranka.hr\/index.php\/wp-json\/wp\/v2\/posts\/10498\/revisions"}],"predecessor-version":[{"id":10511,"href":"https:\/\/radiojadranka.hr\/index.php\/wp-json\/wp\/v2\/posts\/10498\/revisions\/10511"}],"wp:featuredmedia":[{"embeddable":true,"href":"https:\/\/radiojadranka.hr\/index.php\/wp-json\/wp\/v2\/media\/10503"}],"wp:attachment":[{"href":"https:\/\/radiojadranka.hr\/index.php\/wp-json\/wp\/v2\/media?parent=10498"}],"wp:term":[{"taxonomy":"category","embeddable":true,"href":"https:\/\/radiojadranka.hr\/index.php\/wp-json\/wp\/v2\/categories?post=10498"},{"taxonomy":"post_tag","embeddable":true,"href":"https:\/\/radiojadranka.hr\/index.php\/wp-json\/wp\/v2\/tags?post=10498"}],"curies":[{"name":"wp","href":"https:\/\/api.w.org\/{rel}","templated":true}]}}