{"id":10487,"date":"2024-06-04T15:25:22","date_gmt":"2024-06-04T13:25:22","guid":{"rendered":"https:\/\/radiojadranka.hr\/?p=10487"},"modified":"2024-08-20T08:46:53","modified_gmt":"2024-08-20T06:46:53","slug":"sesnaest-ugostitelja-prima-certifikat-taste-of-vitality","status":"publish","type":"post","link":"https:\/\/radiojadranka.hr\/index.php\/2024\/06\/04\/sesnaest-ugostitelja-prima-certifikat-taste-of-vitality\/","title":{"rendered":"\u0160esnaest ugostitelja prima certifikat &#8220;Taste of Vitality&#8221;!"},"content":{"rendered":"<p>Posebna jela s certifikatom &#8220;Taste of Vitality&#8221; nalazit \u0107e se na jelovnicima \u0161esnaest ugostiteljskih objekata na\u0161eg arhipelaga. Nakon godinu dana priprema i razrade ovog projekta, Karin Mimica iz udruge Gastronaut i Dijana Gluhak nutricionistica, osmislile su jela koja \u0107e nakon konzumacije &#8220;podignuti&#8221; gosta! &#8220;No, to nisu samo vegetarijanska jela, ima tu i ribe i mesa&#8221; istaknuo je Cvitkovi\u0107. Ovaj projekt sigurno je doprinos i projektu &#8220;Kvarner Europska regija gastronomije u 2026. godini&#8221;, za koju je <span class=\"html-span xdj266r x11i5rnm xat24cr x1mh8g0r xexx8yu x4uap5 x18d9i69 xkhd6sd x1hl2dhg x16tdsg8 x1vvkbs\"><a class=\"x1i10hfl xjbqb8w x1ejq31n xd10rxx x1sy0etr x17r0tee x972fbf xcfux6l x1qhh985 xm0m39n x9f619 x1ypdohk xt0psk2 xe8uvvx xdj266r x11i5rnm xat24cr x1mh8g0r xexx8yu x4uap5 x18d9i69 xkhd6sd x16tdsg8 x1hl2dhg xggy1nq x1a2a7pz x1sur9pj xkrqix3 x1fey0fg xo1l8bm\" tabindex=\"0\" role=\"link\" href=\"https:\/\/www.facebook.com\/kvarner.hr?__cft__[0]=AZUZV-5IUFxVzMZzqMSgKL_hU77RErc5FdWwpd_PPEEMFbw4sARAuUga1oASwAQhR_DkV5wwN5rV7ygN-NRHHDSX3QQXmabaiMKQQtMLwrjHIHXOyfUGMEqsUEeRhkhF1pt9PwjBOW_iqTaQyVeRyFC9Ti_sP3wsaMnNsxb-ffvk_gQphVo6gBUsJ_bECs53NrRJx3ANrbASFuTXRxGT35g_&amp;__tn__=-]K-R\"><span class=\"xt0psk2\">Visit Kvarner<\/span><\/a><\/span> je dobio i slu\u017ebenu preporuku za osvajanje titule Europske regije gastronomije u 2026. godini! Preporuku je dalo stru\u010dno povjerenstvo instituta IGCAT <span class=\"html-span xdj266r x11i5rnm xat24cr x1mh8g0r xexx8yu x4uap5 x18d9i69 xkhd6sd x1hl2dhg x16tdsg8 x1vvkbs\"><a class=\"x1i10hfl xjbqb8w x1ejq31n xd10rxx x1sy0etr x17r0tee x972fbf xcfux6l x1qhh985 xm0m39n x9f619 x1ypdohk xt0psk2 xe8uvvx xdj266r x11i5rnm xat24cr x1mh8g0r xexx8yu x4uap5 x18d9i69 xkhd6sd x16tdsg8 x1hl2dhg xggy1nq x1a2a7pz x1sur9pj xkrqix3 x1fey0fg xo1l8bm\" tabindex=\"0\" role=\"link\" href=\"https:\/\/www.facebook.com\/IGCAT2?__cft__[0]=AZUZV-5IUFxVzMZzqMSgKL_hU77RErc5FdWwpd_PPEEMFbw4sARAuUga1oASwAQhR_DkV5wwN5rV7ygN-NRHHDSX3QQXmabaiMKQQtMLwrjHIHXOyfUGMEqsUEeRhkhF1pt9PwjBOW_iqTaQyVeRyFC9Ti_sP3wsaMnNsxb-ffvk_gQphVo6gBUsJ_bECs53NrRJx3ANrbASFuTXRxGT35g_&amp;__tn__=-]K-R\"><span class=\"xt0psk2\">IGCAT<\/span><\/a><\/span> nakon obilaska regije, a potvrda ove preporuke slijedi na Vije\u0107u instituta IGCAT koncem lipnja, nakon \u010dega sti\u017ee i slu\u017ebeno progla\u0161enje! Dodjela certifikata &#8220;Taste of Vitality&#8221;, odr\u017eat \u0107e se sutra, u srijedu 5.lipnja u 11,30\u00a0 u Muzeju Apoksiomena u Malom Lo\u0161inju!<\/p>\n<p>Poslu\u0161ajte razgovor s Daliborom Cvitkovi\u0107em direktorom turisti\u010dke zajednice Grada Malog Lo\u0161inja.<\/p>\n<p><img fetchpriority=\"high\" decoding=\"async\" class=\"alignnone size-medium wp-image-10490\" src=\"https:\/\/radiojadranka.hr\/wp-content\/uploads\/2024\/06\/Taste-770x539.jpg\" alt=\"\" width=\"770\" height=\"539\" srcset=\"https:\/\/radiojadranka.hr\/wp-content\/uploads\/2024\/06\/Taste-770x539.jpg 770w, https:\/\/radiojadranka.hr\/wp-content\/uploads\/2024\/06\/Taste-1170x819.jpg 1170w, https:\/\/radiojadranka.hr\/wp-content\/uploads\/2024\/06\/Taste-768x538.jpg 768w, https:\/\/radiojadranka.hr\/wp-content\/uploads\/2024\/06\/Taste.jpg 1500w\" sizes=\"(max-width: 770px) 100vw, 770px\" \/><\/p>\n<p><iframe title=\"040624 Dalibor Cvitkovi\u0107\" width=\"100%\" height=\"120\" src=\"https:\/\/www.mixcloud.com\/widget\/iframe\/?feed=https%3A%2F%2Fwww.mixcloud.com%2Fradio_jadranka%2F040624-dalibor-cvitkovi%25C4%2587%2F&amp;hide_cover=1\" frameborder=\"0\"><\/iframe><\/p>\n<figure id=\"attachment_10238\" aria-describedby=\"caption-attachment-10238\" style=\"width: 307px\" class=\"wp-caption alignnone\"><a href=\"https:\/\/turboscribe.ai\/transcript\/share\/6305039478321215015\/4NOt9jfFfCC0JzZ-vD0q7AH8ObMLzTNGwClgxYKJZ2A\/040624-blitz-razgovor-dalibor-cvitkovic\"><img decoding=\"async\" class=\"size-full wp-image-10238\" src=\"https:\/\/radiojadranka.hr\/wp-content\/uploads\/2024\/05\/logo-za-gluhe.jpg\" alt=\"\" width=\"307\" height=\"306\" srcset=\"https:\/\/radiojadranka.hr\/wp-content\/uploads\/2024\/05\/logo-za-gluhe.jpg 307w, https:\/\/radiojadranka.hr\/wp-content\/uploads\/2024\/05\/logo-za-gluhe-150x150.jpg 150w, https:\/\/radiojadranka.hr\/wp-content\/uploads\/2024\/05\/logo-za-gluhe-100x100.jpg 100w\" sizes=\"(max-width: 307px) 100vw, 307px\" \/><\/a><figcaption id=\"caption-attachment-10238\" class=\"wp-caption-text\">Prilago\u0111eno osobama s o\u0161te\u0107enjem sluha<\/figcaption><\/figure>\n","protected":false},"excerpt":{"rendered":"<p>Posebna jela s certifikatom &#8220;Taste of Vitality&#8221; nalazit \u0107e se na jelovnicima \u0161esnaest ugostiteljskih objekata na\u0161eg arhipelaga. Nakon godinu dana priprema i razrade ovog projekta, Karin Mimica iz udruge Gastronaut i Dijana Gluhak nutricionistica, osmislile su jela koja \u0107e nakon konzumacije &#8220;podignuti&#8221; gosta! &#8220;No, to nisu samo vegetarijanska jela, ima ...<\/p>\n","protected":false},"author":2,"featured_media":10496,"comment_status":"closed","ping_status":"open","sticky":false,"template":"","format":"audio","meta":{"footnotes":""},"categories":[72],"tags":[],"class_list":["post-10487","post","type-post","status-publish","format-audio","has-post-thumbnail","hentry","category-vijesti","post_format-post-format-audio"],"aioseo_notices":[],"_links":{"self":[{"href":"https:\/\/radiojadranka.hr\/index.php\/wp-json\/wp\/v2\/posts\/10487","targetHints":{"allow":["GET"]}}],"collection":[{"href":"https:\/\/radiojadranka.hr\/index.php\/wp-json\/wp\/v2\/posts"}],"about":[{"href":"https:\/\/radiojadranka.hr\/index.php\/wp-json\/wp\/v2\/types\/post"}],"author":[{"embeddable":true,"href":"https:\/\/radiojadranka.hr\/index.php\/wp-json\/wp\/v2\/users\/2"}],"replies":[{"embeddable":true,"href":"https:\/\/radiojadranka.hr\/index.php\/wp-json\/wp\/v2\/comments?post=10487"}],"version-history":[{"count":4,"href":"https:\/\/radiojadranka.hr\/index.php\/wp-json\/wp\/v2\/posts\/10487\/revisions"}],"predecessor-version":[{"id":10495,"href":"https:\/\/radiojadranka.hr\/index.php\/wp-json\/wp\/v2\/posts\/10487\/revisions\/10495"}],"wp:featuredmedia":[{"embeddable":true,"href":"https:\/\/radiojadranka.hr\/index.php\/wp-json\/wp\/v2\/media\/10496"}],"wp:attachment":[{"href":"https:\/\/radiojadranka.hr\/index.php\/wp-json\/wp\/v2\/media?parent=10487"}],"wp:term":[{"taxonomy":"category","embeddable":true,"href":"https:\/\/radiojadranka.hr\/index.php\/wp-json\/wp\/v2\/categories?post=10487"},{"taxonomy":"post_tag","embeddable":true,"href":"https:\/\/radiojadranka.hr\/index.php\/wp-json\/wp\/v2\/tags?post=10487"}],"curies":[{"name":"wp","href":"https:\/\/api.w.org\/{rel}","templated":true}]}}