{"id":10469,"date":"2024-06-04T14:18:46","date_gmt":"2024-06-04T12:18:46","guid":{"rendered":"https:\/\/radiojadranka.hr\/?p=10469"},"modified":"2024-08-20T08:46:53","modified_gmt":"2024-08-20T06:46:53","slug":"pozar-u-losinjskom-apartmanu","status":"publish","type":"post","link":"https:\/\/radiojadranka.hr\/index.php\/2024\/06\/04\/pozar-u-losinjskom-apartmanu\/","title":{"rendered":"Po\u017ear u lo\u0161injskom apartmanu!"},"content":{"rendered":"<p>Policija je zaprimila prijavu o doga\u0111aju u Malom Lo\u0161inju u kojem je o\u0161te\u0107en apartman u obiteljskoj ku\u0107i.<\/p>\n<p>Prema dosad utvr\u0111enom, u nedjelju, 2. lipnja, 45-godi\u0161nji slovenski dr\u017eavljanin je u apartmanu u vlasni\u0161tvu 65-godi\u0161nje hrvatske dr\u017eavljanke u kuhinji na \u0161tednjaku ostavio jelo koje se kuhalo bez nadzora. Stoga se isto pregrijalo i zapalilo, a plamen je zahvatio kuhinju.<\/p>\n<p>U ovom doga\u0111aju nije bilo ozlije\u0111enih osoba, a po\u017ear se sre\u0107om nije pro\u0161irio i uspio ga je ugasiti sam turist. O\u0161te\u0107eni su dijelovi kuhinjskog namje\u0161taja i ure\u0111aja, dok su zidovi kuhinje i ostalih dijelova apartmana skroz zacrnjeni. Materijalna \u0161teta se cijeni na oko 15 000 eura.<\/p>\n<p>foto:ilustracija<img fetchpriority=\"high\" decoding=\"async\" class=\"alignnone size-medium wp-image-10471\" src=\"https:\/\/radiojadranka.hr\/wp-content\/uploads\/2024\/06\/timber-fire-770x513.jpg\" alt=\"\" width=\"770\" height=\"513\" srcset=\"https:\/\/radiojadranka.hr\/wp-content\/uploads\/2024\/06\/timber-fire-770x513.jpg 770w, https:\/\/radiojadranka.hr\/wp-content\/uploads\/2024\/06\/timber-fire-768x512.jpg 768w, https:\/\/radiojadranka.hr\/wp-content\/uploads\/2024\/06\/timber-fire.jpg 1170w\" sizes=\"(max-width: 770px) 100vw, 770px\" \/><\/p>\n","protected":false},"excerpt":{"rendered":"<p>Policija je zaprimila prijavu o doga\u0111aju u Malom Lo\u0161inju u kojem je o\u0161te\u0107en apartman u obiteljskoj ku\u0107i. Prema dosad utvr\u0111enom, u nedjelju, 2. lipnja, 45-godi\u0161nji slovenski dr\u017eavljanin je u apartmanu u vlasni\u0161tvu 65-godi\u0161nje hrvatske dr\u017eavljanke u kuhinji na \u0161tednjaku ostavio jelo koje se kuhalo bez nadzora. Stoga se isto pregrijalo ...<\/p>\n","protected":false},"author":2,"featured_media":10471,"comment_status":"closed","ping_status":"open","sticky":false,"template":"","format":"audio","meta":{"footnotes":""},"categories":[72],"tags":[],"class_list":["post-10469","post","type-post","status-publish","format-audio","has-post-thumbnail","hentry","category-vijesti","post_format-post-format-audio"],"aioseo_notices":[],"_links":{"self":[{"href":"https:\/\/radiojadranka.hr\/index.php\/wp-json\/wp\/v2\/posts\/10469","targetHints":{"allow":["GET"]}}],"collection":[{"href":"https:\/\/radiojadranka.hr\/index.php\/wp-json\/wp\/v2\/posts"}],"about":[{"href":"https:\/\/radiojadranka.hr\/index.php\/wp-json\/wp\/v2\/types\/post"}],"author":[{"embeddable":true,"href":"https:\/\/radiojadranka.hr\/index.php\/wp-json\/wp\/v2\/users\/2"}],"replies":[{"embeddable":true,"href":"https:\/\/radiojadranka.hr\/index.php\/wp-json\/wp\/v2\/comments?post=10469"}],"version-history":[{"count":1,"href":"https:\/\/radiojadranka.hr\/index.php\/wp-json\/wp\/v2\/posts\/10469\/revisions"}],"predecessor-version":[{"id":10472,"href":"https:\/\/radiojadranka.hr\/index.php\/wp-json\/wp\/v2\/posts\/10469\/revisions\/10472"}],"wp:featuredmedia":[{"embeddable":true,"href":"https:\/\/radiojadranka.hr\/index.php\/wp-json\/wp\/v2\/media\/10471"}],"wp:attachment":[{"href":"https:\/\/radiojadranka.hr\/index.php\/wp-json\/wp\/v2\/media?parent=10469"}],"wp:term":[{"taxonomy":"category","embeddable":true,"href":"https:\/\/radiojadranka.hr\/index.php\/wp-json\/wp\/v2\/categories?post=10469"},{"taxonomy":"post_tag","embeddable":true,"href":"https:\/\/radiojadranka.hr\/index.php\/wp-json\/wp\/v2\/tags?post=10469"}],"curies":[{"name":"wp","href":"https:\/\/api.w.org\/{rel}","templated":true}]}}