{"id":10425,"date":"2024-05-31T10:09:27","date_gmt":"2024-05-31T08:09:27","guid":{"rendered":"https:\/\/radiojadranka.hr\/?p=10425"},"modified":"2024-08-20T08:46:53","modified_gmt":"2024-08-20T06:46:53","slug":"hodocasce-svetom-gaudenciju-petu-godinu-za-redom","status":"publish","type":"post","link":"https:\/\/radiojadranka.hr\/index.php\/2024\/05\/31\/hodocasce-svetom-gaudenciju-petu-godinu-za-redom\/","title":{"rendered":"Hodo\u010da\u0161\u0107e svetom Gaudenciju, petu godinu za redom!"},"content":{"rendered":"<p>Jedini progla\u0161eni oto\u010dki svetac na\u0161eg arhipelaga, sveti Gaudencije sutra slavi svoj dan! Mje\u0161tani Osora izabrali su ga za svog nebeskog za\u0161titnika. Ro\u0111en je u Osoru koncem X. stolje\u0107a, gdje je kasnije slu\u017ebovao kao biskup. Kako nitko nije prorok u svom selu, tako ni on. U njegovo vrijeme, pozivao je mje\u0161tane da se odupru grijehu i bludu. To im se nije dopalo, te su ga istjerali iz grada. Popeo se na Osor\u0161\u0107icu i \u017eivio u pe\u0107ini na zapadnoj strani brda. Legenda kazuje da je prokleo sve zmije otrovnice na otocima Cresu i Lo\u0161inju, te da je upravo to razlog za\u0161to danas nema otrovnica na na\u0161im otocima! Statue i slike prikazuje sveca s podignuta tri prsta na desnoj ruci, a pak druga legenda ka\u017ee da je predvidio propadanje Osora dok se broj stanovnika ne svede na tri, potom ponovno uzlet Osora&#8230;<\/p>\n<p>Ve\u0107 petu godinu za redom hodo\u010dasnici iz Malog Lo\u0161inja pohode svetog Gaudencija. Za\u010detnice ove ideje su Danijela Kalac Desanti i Katya \u017dic Antunovi\u0107 koje su nakon hodo\u010da\u0161\u0107a po Meksiku (gdje su hodanja &#8211; hodo\u010da\u0161\u0107a redoviti obi\u010daji) do\u0161le na ideju da se hodo\u010dasti na\u0161em svecu! Tako \u0107e biti\u00a0 i sutra u subotu 1. lipnja, okupljanje je kod crkve svetog Nikole u Malom Lo\u0161inju u u5:15, a polazak prema Osoru u 5:30. Uz odmore i okrijepu u \u0106unskom i Sv.Jakovu, u Nerezinama se hodo\u010dasnici o\u010dekuju iza devet sati! Po dolasku u Osor, do\u010dekaju ih mje\u0161tani te nakon osvje\u017eenja slu\u017ei se hodo\u010dasni\u010dka misa.\u00a0 Sve\u010dano, koncelebrirano euharistijsko slavlje s procesijom po mjestu odr\u017eat \u0107e se u 18 sati. Nakon toga, tradicionalna fe\u0161ta uz brojne harmonike! Samo da vrijeme poslu\u017ei!<\/p>\n<p><strong>Ve\u010deras, Kampanon! Obi\u010daj je ve\u010der uo\u010di blagdana svetog Gaudencija\u00a0 da se kampana na zvoniku! Dario Ku\u010di\u0107 i Stefano Bonifa\u010di\u0107 popet \u0107e se na zvonik i tamo kampanat u posebnom ritmu &#8220;na tri zvona&#8221;. Po\u010detak je u 20 sati.<\/strong><\/p>\n<p>Da se ne zaboravi, svojevremeno, gradski su oci i duhovni pastiri birali sveca o kojem \u0107e se obilje\u017eavati Dan grada Malog Lo\u0161inja. U kombinaciji je bio i sveti Gaudencije. \u0160teta da nije izabran, bila bi to prava fe\u0161ta sveca na\u0161ih otoka na po\u010detku turisti\u010dke sezone!<\/p>\n<p>Branko Domac<\/p>\n<p><iframe title=\"010624 Sveti Gaudencije Danijela Kalac Desanti\" width=\"100%\" height=\"120\" src=\"https:\/\/www.mixcloud.com\/widget\/iframe\/?feed=https%3A%2F%2Fwww.mixcloud.com%2Fradio_jadranka%2F010624-sveti-gaudencije-danijela-kalac-desanti%2F&amp;hide_cover=1\" frameborder=\"0\"><\/iframe><\/p>\n<p><img fetchpriority=\"high\" decoding=\"async\" class=\"alignnone size-medium wp-image-10429\" src=\"https:\/\/radiojadranka.hr\/wp-content\/uploads\/2024\/05\/1717138043640-550x770.jpeg\" alt=\"\" width=\"550\" height=\"770\" srcset=\"https:\/\/radiojadranka.hr\/wp-content\/uploads\/2024\/05\/1717138043640-550x770.jpeg 550w, https:\/\/radiojadranka.hr\/wp-content\/uploads\/2024\/05\/1717138043640-836x1170.jpeg 836w, https:\/\/radiojadranka.hr\/wp-content\/uploads\/2024\/05\/1717138043640-768x1075.jpeg 768w, https:\/\/radiojadranka.hr\/wp-content\/uploads\/2024\/05\/1717138043640-1097x1536.jpeg 1097w, https:\/\/radiojadranka.hr\/wp-content\/uploads\/2024\/05\/1717138043640.jpeg 1429w\" sizes=\"(max-width: 550px) 100vw, 550px\" \/> <img decoding=\"async\" class=\"alignnone size-medium wp-image-10428\" src=\"https:\/\/radiojadranka.hr\/wp-content\/uploads\/2024\/05\/1717141075067-578x770.jpg\" alt=\"\" width=\"578\" height=\"770\" srcset=\"https:\/\/radiojadranka.hr\/wp-content\/uploads\/2024\/05\/1717141075067-578x770.jpg 578w, https:\/\/radiojadranka.hr\/wp-content\/uploads\/2024\/05\/1717141075067-878x1170.jpg 878w, https:\/\/radiojadranka.hr\/wp-content\/uploads\/2024\/05\/1717141075067-768x1024.jpg 768w, https:\/\/radiojadranka.hr\/wp-content\/uploads\/2024\/05\/1717141075067-1152x1536.jpg 1152w, https:\/\/radiojadranka.hr\/wp-content\/uploads\/2024\/05\/1717141075067.jpg 1200w\" sizes=\"(max-width: 578px) 100vw, 578px\" \/> <img decoding=\"async\" class=\"alignnone size-medium wp-image-10427\" src=\"https:\/\/radiojadranka.hr\/wp-content\/uploads\/2024\/05\/gaudencije-1-770x414.jpg\" alt=\"\" width=\"770\" height=\"414\" srcset=\"https:\/\/radiojadranka.hr\/wp-content\/uploads\/2024\/05\/gaudencije-1-770x414.jpg 770w, https:\/\/radiojadranka.hr\/wp-content\/uploads\/2024\/05\/gaudencije-1-1170x629.jpg 1170w, https:\/\/radiojadranka.hr\/wp-content\/uploads\/2024\/05\/gaudencije-1-768x413.jpg 768w, https:\/\/radiojadranka.hr\/wp-content\/uploads\/2024\/05\/gaudencije-1-1536x826.jpg 1536w, https:\/\/radiojadranka.hr\/wp-content\/uploads\/2024\/05\/gaudencije-1.jpg 2048w\" sizes=\"(max-width: 770px) 100vw, 770px\" \/><\/p>\n","protected":false},"excerpt":{"rendered":"<p>Jedini progla\u0161eni oto\u010dki svetac na\u0161eg arhipelaga, sveti Gaudencije sutra slavi svoj dan! Mje\u0161tani Osora izabrali su ga za svog nebeskog za\u0161titnika. Ro\u0111en je u Osoru koncem X. stolje\u0107a, gdje je kasnije slu\u017ebovao kao biskup. Kako nitko nije prorok u svom selu, tako ni on. U njegovo vrijeme, pozivao je mje\u0161tane ...<\/p>\n","protected":false},"author":2,"featured_media":10429,"comment_status":"closed","ping_status":"open","sticky":false,"template":"","format":"audio","meta":{"footnotes":""},"categories":[72],"tags":[],"class_list":["post-10425","post","type-post","status-publish","format-audio","has-post-thumbnail","hentry","category-vijesti","post_format-post-format-audio"],"aioseo_notices":[],"_links":{"self":[{"href":"https:\/\/radiojadranka.hr\/index.php\/wp-json\/wp\/v2\/posts\/10425","targetHints":{"allow":["GET"]}}],"collection":[{"href":"https:\/\/radiojadranka.hr\/index.php\/wp-json\/wp\/v2\/posts"}],"about":[{"href":"https:\/\/radiojadranka.hr\/index.php\/wp-json\/wp\/v2\/types\/post"}],"author":[{"embeddable":true,"href":"https:\/\/radiojadranka.hr\/index.php\/wp-json\/wp\/v2\/users\/2"}],"replies":[{"embeddable":true,"href":"https:\/\/radiojadranka.hr\/index.php\/wp-json\/wp\/v2\/comments?post=10425"}],"version-history":[{"count":5,"href":"https:\/\/radiojadranka.hr\/index.php\/wp-json\/wp\/v2\/posts\/10425\/revisions"}],"predecessor-version":[{"id":10446,"href":"https:\/\/radiojadranka.hr\/index.php\/wp-json\/wp\/v2\/posts\/10425\/revisions\/10446"}],"wp:featuredmedia":[{"embeddable":true,"href":"https:\/\/radiojadranka.hr\/index.php\/wp-json\/wp\/v2\/media\/10429"}],"wp:attachment":[{"href":"https:\/\/radiojadranka.hr\/index.php\/wp-json\/wp\/v2\/media?parent=10425"}],"wp:term":[{"taxonomy":"category","embeddable":true,"href":"https:\/\/radiojadranka.hr\/index.php\/wp-json\/wp\/v2\/categories?post=10425"},{"taxonomy":"post_tag","embeddable":true,"href":"https:\/\/radiojadranka.hr\/index.php\/wp-json\/wp\/v2\/tags?post=10425"}],"curies":[{"name":"wp","href":"https:\/\/api.w.org\/{rel}","templated":true}]}}