{"id":10378,"date":"2024-05-28T14:57:06","date_gmt":"2024-05-28T12:57:06","guid":{"rendered":"https:\/\/radiojadranka.hr\/?p=10378"},"modified":"2024-08-20T08:46:53","modified_gmt":"2024-08-20T06:46:53","slug":"semafor-kod-vrtica-ponovno-u-funkciji-vozaci-oprez","status":"publish","type":"post","link":"https:\/\/radiojadranka.hr\/index.php\/2024\/05\/28\/semafor-kod-vrtica-ponovno-u-funkciji-vozaci-oprez\/","title":{"rendered":"Semafor kod vrti\u0107a ponovno u funkciji &#8211; voza\u010di oprez!"},"content":{"rendered":"<p>Nakon brojnih mjeseci \u0161to nije radio, semafor kod vrti\u0107a je ponovno u funkciji! Voza\u010di oprez!<\/p>\n<div id='gallery-1' class='gallery galleryid-10378 gallery-columns-3 gallery-size-thumbnail'><figure class='gallery-item'>\n\t\t\t<div class='gallery-icon landscape'>\n\t\t\t\t<a href='https:\/\/radiojadranka.hr\/index.php\/2024\/05\/28\/semafor-kod-vrtica-ponovno-u-funkciji-vozaci-oprez\/attachment\/1716900800600\/'><img decoding=\"async\" width=\"150\" height=\"150\" src=\"https:\/\/radiojadranka.hr\/wp-content\/uploads\/2024\/05\/1716900800600-150x150.jpg\" class=\"attachment-thumbnail size-thumbnail\" alt=\"\" srcset=\"https:\/\/radiojadranka.hr\/wp-content\/uploads\/2024\/05\/1716900800600-150x150.jpg 150w, https:\/\/radiojadranka.hr\/wp-content\/uploads\/2024\/05\/1716900800600-100x100.jpg 100w, https:\/\/radiojadranka.hr\/wp-content\/uploads\/2024\/05\/1716900800600-370x370.jpg 370w\" sizes=\"(max-width: 150px) 100vw, 150px\" \/><\/a>\n\t\t\t<\/div><\/figure><figure class='gallery-item'>\n\t\t\t<div class='gallery-icon landscape'>\n\t\t\t\t<a href='https:\/\/radiojadranka.hr\/index.php\/2024\/05\/28\/semafor-kod-vrtica-ponovno-u-funkciji-vozaci-oprez\/attachment\/1716900800591\/'><img decoding=\"async\" width=\"150\" height=\"150\" src=\"https:\/\/radiojadranka.hr\/wp-content\/uploads\/2024\/05\/1716900800591-150x150.jpg\" class=\"attachment-thumbnail size-thumbnail\" alt=\"\" srcset=\"https:\/\/radiojadranka.hr\/wp-content\/uploads\/2024\/05\/1716900800591-150x150.jpg 150w, https:\/\/radiojadranka.hr\/wp-content\/uploads\/2024\/05\/1716900800591-100x100.jpg 100w, https:\/\/radiojadranka.hr\/wp-content\/uploads\/2024\/05\/1716900800591-370x370.jpg 370w\" sizes=\"(max-width: 150px) 100vw, 150px\" \/><\/a>\n\t\t\t<\/div><\/figure>\n\t\t<\/div>\n\n","protected":false},"excerpt":{"rendered":"<p>Nakon brojnih mjeseci \u0161to nije radio, semafor kod vrti\u0107a je ponovno u funkciji! Voza\u010di oprez!<\/p>\n","protected":false},"author":2,"featured_media":10380,"comment_status":"closed","ping_status":"open","sticky":false,"template":"","format":"audio","meta":{"footnotes":""},"categories":[72],"tags":[],"class_list":["post-10378","post","type-post","status-publish","format-audio","has-post-thumbnail","hentry","category-vijesti","post_format-post-format-audio"],"aioseo_notices":[],"_links":{"self":[{"href":"https:\/\/radiojadranka.hr\/index.php\/wp-json\/wp\/v2\/posts\/10378","targetHints":{"allow":["GET"]}}],"collection":[{"href":"https:\/\/radiojadranka.hr\/index.php\/wp-json\/wp\/v2\/posts"}],"about":[{"href":"https:\/\/radiojadranka.hr\/index.php\/wp-json\/wp\/v2\/types\/post"}],"author":[{"embeddable":true,"href":"https:\/\/radiojadranka.hr\/index.php\/wp-json\/wp\/v2\/users\/2"}],"replies":[{"embeddable":true,"href":"https:\/\/radiojadranka.hr\/index.php\/wp-json\/wp\/v2\/comments?post=10378"}],"version-history":[{"count":1,"href":"https:\/\/radiojadranka.hr\/index.php\/wp-json\/wp\/v2\/posts\/10378\/revisions"}],"predecessor-version":[{"id":10381,"href":"https:\/\/radiojadranka.hr\/index.php\/wp-json\/wp\/v2\/posts\/10378\/revisions\/10381"}],"wp:featuredmedia":[{"embeddable":true,"href":"https:\/\/radiojadranka.hr\/index.php\/wp-json\/wp\/v2\/media\/10380"}],"wp:attachment":[{"href":"https:\/\/radiojadranka.hr\/index.php\/wp-json\/wp\/v2\/media?parent=10378"}],"wp:term":[{"taxonomy":"category","embeddable":true,"href":"https:\/\/radiojadranka.hr\/index.php\/wp-json\/wp\/v2\/categories?post=10378"},{"taxonomy":"post_tag","embeddable":true,"href":"https:\/\/radiojadranka.hr\/index.php\/wp-json\/wp\/v2\/tags?post=10378"}],"curies":[{"name":"wp","href":"https:\/\/api.w.org\/{rel}","templated":true}]}}