{"id":10346,"date":"2024-05-24T12:37:00","date_gmt":"2024-05-24T10:37:00","guid":{"rendered":"https:\/\/radiojadranka.hr\/?p=10346"},"modified":"2024-08-20T08:46:53","modified_gmt":"2024-08-20T06:46:53","slug":"otvara-se-novouredeno-donirano-djecje-igraliste-u-nerezinama","status":"publish","type":"post","link":"https:\/\/radiojadranka.hr\/index.php\/2024\/05\/24\/otvara-se-novouredeno-donirano-djecje-igraliste-u-nerezinama\/","title":{"rendered":"Otvara se novoure\u0111eno &#8211; donirano dje\u010dje igrali\u0161te u Nerezinama"},"content":{"rendered":"<p>Nakon \u0161to je obnovljeno,\u00a0 sve\u010dano \u0107e se otvoriti dje\u010djeg igrali\u0161ta u paku u centru Nerezina, a u blizini Trga Studenac. Igrali\u0161te je obnovljeno donacijom tvrtke Richter Spielger\u00e4te GmbH i sredstvima Grada Maloga Lo\u0161inja. Vlasnik ove njema\u010dke tvrke Julijan Richter donirao je cijelu opremu za ovo igrali\u0161te a u povodu svog osamdesetog ro\u0111endana, a koji je i sam povremeni posjetitelj Nerezina! Novo igrali\u0161te potupno je ekolo\u0161ko, izra\u0111eno od drva ari\u0161a. Grad Mali Lo\u0161inj izradio je pripremne radnje za postavljanje igrali\u0161ta. Otvorenje igrali\u0161ta bit \u0107e u nedjelju nakon euharistijskog slavlja. po\u010det \u0107e u 11,30, doznajemo od Marka Ve\u0161kovi\u0107a predsjednika mjesnog odbora Nerezine Sv. Jakov! Poslu\u0161ajte razgovor, najavili smo i Festival mijeha\/meha, osvrnuli smo se na radove na Aglomeraciji i dionici Nerezine &#8211; Osor!<img fetchpriority=\"high\" decoding=\"async\" class=\"alignnone size-medium wp-image-10347\" src=\"https:\/\/radiojadranka.hr\/wp-content\/uploads\/2024\/05\/1716541855734-770x433.jpg\" alt=\"\" width=\"770\" height=\"433\" srcset=\"https:\/\/radiojadranka.hr\/wp-content\/uploads\/2024\/05\/1716541855734-770x433.jpg 770w, https:\/\/radiojadranka.hr\/wp-content\/uploads\/2024\/05\/1716541855734-1170x658.jpg 1170w, https:\/\/radiojadranka.hr\/wp-content\/uploads\/2024\/05\/1716541855734-768x432.jpg 768w, https:\/\/radiojadranka.hr\/wp-content\/uploads\/2024\/05\/1716541855734-1536x864.jpg 1536w, https:\/\/radiojadranka.hr\/wp-content\/uploads\/2024\/05\/1716541855734.jpg 1599w\" sizes=\"(max-width: 770px) 100vw, 770px\" \/> <img decoding=\"async\" class=\"alignnone size-medium wp-image-10349\" src=\"https:\/\/radiojadranka.hr\/wp-content\/uploads\/2024\/05\/1716541855712-770x433.jpg\" alt=\"\" width=\"770\" height=\"433\" srcset=\"https:\/\/radiojadranka.hr\/wp-content\/uploads\/2024\/05\/1716541855712-770x433.jpg 770w, https:\/\/radiojadranka.hr\/wp-content\/uploads\/2024\/05\/1716541855712-1170x658.jpg 1170w, https:\/\/radiojadranka.hr\/wp-content\/uploads\/2024\/05\/1716541855712-768x432.jpg 768w, https:\/\/radiojadranka.hr\/wp-content\/uploads\/2024\/05\/1716541855712-1536x864.jpg 1536w, https:\/\/radiojadranka.hr\/wp-content\/uploads\/2024\/05\/1716541855712.jpg 1599w\" sizes=\"(max-width: 770px) 100vw, 770px\" \/><\/p>\n<p><iframe title=\"230524 Marko Ve\u0161kovi\u0107 Mo Nerezine\" width=\"100%\" height=\"120\" src=\"https:\/\/www.mixcloud.com\/widget\/iframe\/?feed=https%3A%2F%2Fwww.mixcloud.com%2Fradio_jadranka%2F230524-marko-ve%25C5%25A1kovi%25C4%2587-mo-nerezine%2F&amp;hide_cover=1\" frameborder=\"0\"><\/iframe><\/p>\n<figure id=\"attachment_10238\" aria-describedby=\"caption-attachment-10238\" style=\"width: 200px\" class=\"wp-caption alignnone\"><a href=\"https:\/\/turboscribe.ai\/transcript\/share\/2467972595800560351\/YeMuCwKXoRiSzGuJy92slHixzd2ktqJdFnPyQYpnB_4\/230524-rsp-marko-veskovic\"><img decoding=\"async\" class=\" wp-image-10238\" src=\"https:\/\/radiojadranka.hr\/wp-content\/uploads\/2024\/05\/logo-za-gluhe.jpg\" alt=\"\" width=\"200\" height=\"199\" srcset=\"https:\/\/radiojadranka.hr\/wp-content\/uploads\/2024\/05\/logo-za-gluhe.jpg 307w, https:\/\/radiojadranka.hr\/wp-content\/uploads\/2024\/05\/logo-za-gluhe-150x150.jpg 150w, https:\/\/radiojadranka.hr\/wp-content\/uploads\/2024\/05\/logo-za-gluhe-100x100.jpg 100w\" sizes=\"(max-width: 200px) 100vw, 200px\" \/><\/a><figcaption id=\"caption-attachment-10238\" class=\"wp-caption-text\">Prilago\u0111eno osobama s o\u0161te\u0107enjem sluha<\/figcaption><\/figure>\n<p>&nbsp;<\/p>\n","protected":false},"excerpt":{"rendered":"<p>Nakon \u0161to je obnovljeno,\u00a0 sve\u010dano \u0107e se otvoriti dje\u010djeg igrali\u0161ta u paku u centru Nerezina, a u blizini Trga Studenac. Igrali\u0161te je obnovljeno donacijom tvrtke Richter Spielger\u00e4te GmbH i sredstvima Grada Maloga Lo\u0161inja. Vlasnik ove njema\u010dke tvrke Julijan Richter donirao je cijelu opremu za ovo igrali\u0161te a u povodu svog ...<\/p>\n","protected":false},"author":2,"featured_media":10349,"comment_status":"closed","ping_status":"open","sticky":false,"template":"","format":"audio","meta":{"footnotes":""},"categories":[72],"tags":[],"class_list":["post-10346","post","type-post","status-publish","format-audio","has-post-thumbnail","hentry","category-vijesti","post_format-post-format-audio"],"aioseo_notices":[],"_links":{"self":[{"href":"https:\/\/radiojadranka.hr\/index.php\/wp-json\/wp\/v2\/posts\/10346","targetHints":{"allow":["GET"]}}],"collection":[{"href":"https:\/\/radiojadranka.hr\/index.php\/wp-json\/wp\/v2\/posts"}],"about":[{"href":"https:\/\/radiojadranka.hr\/index.php\/wp-json\/wp\/v2\/types\/post"}],"author":[{"embeddable":true,"href":"https:\/\/radiojadranka.hr\/index.php\/wp-json\/wp\/v2\/users\/2"}],"replies":[{"embeddable":true,"href":"https:\/\/radiojadranka.hr\/index.php\/wp-json\/wp\/v2\/comments?post=10346"}],"version-history":[{"count":1,"href":"https:\/\/radiojadranka.hr\/index.php\/wp-json\/wp\/v2\/posts\/10346\/revisions"}],"predecessor-version":[{"id":10350,"href":"https:\/\/radiojadranka.hr\/index.php\/wp-json\/wp\/v2\/posts\/10346\/revisions\/10350"}],"wp:featuredmedia":[{"embeddable":true,"href":"https:\/\/radiojadranka.hr\/index.php\/wp-json\/wp\/v2\/media\/10349"}],"wp:attachment":[{"href":"https:\/\/radiojadranka.hr\/index.php\/wp-json\/wp\/v2\/media?parent=10346"}],"wp:term":[{"taxonomy":"category","embeddable":true,"href":"https:\/\/radiojadranka.hr\/index.php\/wp-json\/wp\/v2\/categories?post=10346"},{"taxonomy":"post_tag","embeddable":true,"href":"https:\/\/radiojadranka.hr\/index.php\/wp-json\/wp\/v2\/tags?post=10346"}],"curies":[{"name":"wp","href":"https:\/\/api.w.org\/{rel}","templated":true}]}}