{"id":10339,"date":"2024-05-24T10:25:21","date_gmt":"2024-05-24T08:25:21","guid":{"rendered":"https:\/\/radiojadranka.hr\/?p=10339"},"modified":"2024-08-20T08:46:53","modified_gmt":"2024-08-20T06:46:53","slug":"sjecanje-na-ljepotu-stvaranja","status":"publish","type":"post","link":"https:\/\/radiojadranka.hr\/index.php\/2024\/05\/24\/sjecanje-na-ljepotu-stvaranja\/","title":{"rendered":"Sje\u0107anje na ljepotu stvaranja!"},"content":{"rendered":"<p><strong>\u201eSje\u0107anje na ljepotu stvaranja\u201c nova je knjiga na\u0161eg poznatog autora Julijana Sokoli\u0107a. U knjizi se mo\u017ee na\u0107i opis osoba s kojima je kroz \u017eivot radio, sura\u0111ivao, a na kraju i ostvario prijateljstva. Ukupno je u knjizi opisano 38 osoba. Julijano Sokoli\u0107 me\u0111u tim je rijetkim sretnicima koji su imali priliku stvaranjem prijateljevati, stoji to u predgovoru knjige, a cijelu pri\u010du o nastanku iste mo\u017eete poslu\u0161ati u 19.30 na Ljetnoj pozornici Gradske knji\u017enice i \u010ditaonice Mali Lo\u0161inj. Napomenimo jo\u0161 kako \u0107e predstavljanju prethoditi skup\u0161tina katedre \u010cakavskog sabora Cres Lo\u0161inj, koja \u0107e po\u010deti u 18 i 30 u maloj dvorani gradske knji\u017enice<\/strong><\/p>\n<p><iframe title=\"230524 Rsp Julijano Sokolic I Olivela Franko\" width=\"100%\" height=\"120\" src=\"https:\/\/www.mixcloud.com\/widget\/iframe\/?feed=https%3A%2F%2Fwww.mixcloud.com%2Fradio_jadranka%2F230524-rsp-julijano-sokolic-i-olivela-franko%2F&amp;hide_cover=1\" frameborder=\"0\"><\/iframe><\/p>\n<div id='gallery-1' class='gallery galleryid-10339 gallery-columns-3 gallery-size-thumbnail'><figure class='gallery-item'>\n\t\t\t<div class='gallery-icon portrait'>\n\t\t\t\t<a href='https:\/\/radiojadranka.hr\/index.php\/2024\/05\/24\/sjecanje-na-ljepotu-stvaranja\/attachment\/1716538976953\/'><img decoding=\"async\" width=\"150\" height=\"150\" src=\"https:\/\/radiojadranka.hr\/wp-content\/uploads\/2024\/05\/1716538976953-150x150.jpg\" class=\"attachment-thumbnail size-thumbnail\" alt=\"\" srcset=\"https:\/\/radiojadranka.hr\/wp-content\/uploads\/2024\/05\/1716538976953-150x150.jpg 150w, https:\/\/radiojadranka.hr\/wp-content\/uploads\/2024\/05\/1716538976953-100x100.jpg 100w, https:\/\/radiojadranka.hr\/wp-content\/uploads\/2024\/05\/1716538976953-370x370.jpg 370w\" sizes=\"(max-width: 150px) 100vw, 150px\" \/><\/a>\n\t\t\t<\/div><\/figure><figure class='gallery-item'>\n\t\t\t<div class='gallery-icon landscape'>\n\t\t\t\t<a href='https:\/\/radiojadranka.hr\/index.php\/2024\/05\/24\/sjecanje-na-ljepotu-stvaranja\/attachment\/1716467215998\/'><img decoding=\"async\" width=\"150\" height=\"150\" src=\"https:\/\/radiojadranka.hr\/wp-content\/uploads\/2024\/05\/1716467215998-150x150.jpg\" class=\"attachment-thumbnail size-thumbnail\" alt=\"\" srcset=\"https:\/\/radiojadranka.hr\/wp-content\/uploads\/2024\/05\/1716467215998-150x150.jpg 150w, https:\/\/radiojadranka.hr\/wp-content\/uploads\/2024\/05\/1716467215998-100x100.jpg 100w, https:\/\/radiojadranka.hr\/wp-content\/uploads\/2024\/05\/1716467215998-370x370.jpg 370w\" sizes=\"(max-width: 150px) 100vw, 150px\" \/><\/a>\n\t\t\t<\/div><\/figure>\n\t\t<\/div>\n\n<figure id=\"attachment_10238\" aria-describedby=\"caption-attachment-10238\" style=\"width: 171px\" class=\"wp-caption alignnone\"><a href=\"https:\/\/turboscribe.ai\/transcript\/share\/8250594517345321125\/45lpguUVNjF5W5j2iY6fg7Vw3cTTstaSqsaNf9xMRts\/230424-rsp-julijano-sokolic-i-olivela-franko\"><img decoding=\"async\" class=\" wp-image-10238\" src=\"https:\/\/radiojadranka.hr\/wp-content\/uploads\/2024\/05\/logo-za-gluhe.jpg\" alt=\"\" width=\"171\" height=\"170\" srcset=\"https:\/\/radiojadranka.hr\/wp-content\/uploads\/2024\/05\/logo-za-gluhe.jpg 307w, https:\/\/radiojadranka.hr\/wp-content\/uploads\/2024\/05\/logo-za-gluhe-150x150.jpg 150w, https:\/\/radiojadranka.hr\/wp-content\/uploads\/2024\/05\/logo-za-gluhe-100x100.jpg 100w\" sizes=\"(max-width: 171px) 100vw, 171px\" \/><\/a><figcaption id=\"caption-attachment-10238\" class=\"wp-caption-text\">Prilago\u0111eno osobama s o\u0161te\u0107enjem sluha<\/figcaption><\/figure>\n","protected":false},"excerpt":{"rendered":"<p>\u201eSje\u0107anje na ljepotu stvaranja\u201c nova je knjiga na\u0161eg poznatog autora Julijana Sokoli\u0107a. U knjizi se mo\u017ee na\u0107i opis osoba s kojima je kroz \u017eivot radio, sura\u0111ivao, a na kraju i ostvario prijateljstva. Ukupno je u knjizi opisano 38 osoba. Julijano Sokoli\u0107 me\u0111u tim je rijetkim sretnicima koji su imali priliku ...<\/p>\n","protected":false},"author":2,"featured_media":10341,"comment_status":"closed","ping_status":"open","sticky":false,"template":"","format":"audio","meta":{"footnotes":""},"categories":[72],"tags":[],"class_list":["post-10339","post","type-post","status-publish","format-audio","has-post-thumbnail","hentry","category-vijesti","post_format-post-format-audio"],"aioseo_notices":[],"_links":{"self":[{"href":"https:\/\/radiojadranka.hr\/index.php\/wp-json\/wp\/v2\/posts\/10339","targetHints":{"allow":["GET"]}}],"collection":[{"href":"https:\/\/radiojadranka.hr\/index.php\/wp-json\/wp\/v2\/posts"}],"about":[{"href":"https:\/\/radiojadranka.hr\/index.php\/wp-json\/wp\/v2\/types\/post"}],"author":[{"embeddable":true,"href":"https:\/\/radiojadranka.hr\/index.php\/wp-json\/wp\/v2\/users\/2"}],"replies":[{"embeddable":true,"href":"https:\/\/radiojadranka.hr\/index.php\/wp-json\/wp\/v2\/comments?post=10339"}],"version-history":[{"count":4,"href":"https:\/\/radiojadranka.hr\/index.php\/wp-json\/wp\/v2\/posts\/10339\/revisions"}],"predecessor-version":[{"id":10345,"href":"https:\/\/radiojadranka.hr\/index.php\/wp-json\/wp\/v2\/posts\/10339\/revisions\/10345"}],"wp:featuredmedia":[{"embeddable":true,"href":"https:\/\/radiojadranka.hr\/index.php\/wp-json\/wp\/v2\/media\/10341"}],"wp:attachment":[{"href":"https:\/\/radiojadranka.hr\/index.php\/wp-json\/wp\/v2\/media?parent=10339"}],"wp:term":[{"taxonomy":"category","embeddable":true,"href":"https:\/\/radiojadranka.hr\/index.php\/wp-json\/wp\/v2\/categories?post=10339"},{"taxonomy":"post_tag","embeddable":true,"href":"https:\/\/radiojadranka.hr\/index.php\/wp-json\/wp\/v2\/tags?post=10339"}],"curies":[{"name":"wp","href":"https:\/\/api.w.org\/{rel}","templated":true}]}}