{"id":10305,"date":"2024-05-22T15:05:09","date_gmt":"2024-05-22T13:05:09","guid":{"rendered":"https:\/\/radiojadranka.hr\/?p=10305"},"modified":"2024-08-20T08:46:53","modified_gmt":"2024-08-20T06:46:53","slug":"dr-anamarija-margan-sulc-djeluje-u-marine-medical-center-u","status":"publish","type":"post","link":"https:\/\/radiojadranka.hr\/index.php\/2024\/05\/22\/dr-anamarija-margan-sulc-djeluje-u-marine-medical-center-u\/","title":{"rendered":"Dr. Anamarija Margan \u0160ulc djeluje u Marine Medical Centru!"},"content":{"rendered":"<p>Dr. Anamarija Margan \u0160ulc, nakon \u0161to je dugi niz godina djelovala u internisti\u010dkoj ordinaciji u hotelu Aurora, pre\u0161la je u hotel Bellevue i priklju\u010dila se timu MMC-a (Marine Medical Center-a)! Danas smo razgovarali o planovima ovog zdravstvenog centra koji okuplja vi\u0161e specijalista! U studiju je bila dr. Margan i Drita Mu\u017ei\u0107 MMC Manager! Poslu\u0161ajte razgovor!<\/p>\n<p><iframe title=\"220524 Dr Anamarija Margan \u0160ulc I Drita Mu\u017ei\u0107\" width=\"100%\" height=\"120\" src=\"https:\/\/www.mixcloud.com\/widget\/iframe\/?feed=https%3A%2F%2Fwww.mixcloud.com%2Fradio_jadranka%2F220524-dr-anamarija-margan-%25C5%25A1ulc-i-drita-mu%25C5%25BEi%25C4%2587%2F&amp;hide_cover=1\" frameborder=\"0\"><\/iframe><\/p>\n<p><img fetchpriority=\"high\" decoding=\"async\" class=\"alignnone size-medium wp-image-10306\" src=\"https:\/\/radiojadranka.hr\/wp-content\/uploads\/2024\/05\/1716382789268-770x434.jpg\" alt=\"\" width=\"770\" height=\"434\" srcset=\"https:\/\/radiojadranka.hr\/wp-content\/uploads\/2024\/05\/1716382789268-770x434.jpg 770w, https:\/\/radiojadranka.hr\/wp-content\/uploads\/2024\/05\/1716382789268-1170x659.jpg 1170w, https:\/\/radiojadranka.hr\/wp-content\/uploads\/2024\/05\/1716382789268-768x432.jpg 768w, https:\/\/radiojadranka.hr\/wp-content\/uploads\/2024\/05\/1716382789268-1536x865.jpg 1536w, https:\/\/radiojadranka.hr\/wp-content\/uploads\/2024\/05\/1716382789268-scaled.jpg 2048w\" sizes=\"(max-width: 770px) 100vw, 770px\" \/><\/p>\n","protected":false},"excerpt":{"rendered":"<p>Dr. Anamarija Margan \u0160ulc, nakon \u0161to je dugi niz godina djelovala u internisti\u010dkoj ordinaciji u hotelu Aurora, pre\u0161la je u hotel Bellevue i priklju\u010dila se timu MMC-a (Marine Medical Center-a)! Danas smo razgovarali o planovima ovog zdravstvenog centra koji okuplja vi\u0161e specijalista! U studiju je bila dr. Margan i Drita ...<\/p>\n","protected":false},"author":2,"featured_media":10306,"comment_status":"closed","ping_status":"open","sticky":false,"template":"","format":"audio","meta":{"footnotes":""},"categories":[72],"tags":[],"class_list":["post-10305","post","type-post","status-publish","format-audio","has-post-thumbnail","hentry","category-vijesti","post_format-post-format-audio"],"aioseo_notices":[],"_links":{"self":[{"href":"https:\/\/radiojadranka.hr\/index.php\/wp-json\/wp\/v2\/posts\/10305","targetHints":{"allow":["GET"]}}],"collection":[{"href":"https:\/\/radiojadranka.hr\/index.php\/wp-json\/wp\/v2\/posts"}],"about":[{"href":"https:\/\/radiojadranka.hr\/index.php\/wp-json\/wp\/v2\/types\/post"}],"author":[{"embeddable":true,"href":"https:\/\/radiojadranka.hr\/index.php\/wp-json\/wp\/v2\/users\/2"}],"replies":[{"embeddable":true,"href":"https:\/\/radiojadranka.hr\/index.php\/wp-json\/wp\/v2\/comments?post=10305"}],"version-history":[{"count":2,"href":"https:\/\/radiojadranka.hr\/index.php\/wp-json\/wp\/v2\/posts\/10305\/revisions"}],"predecessor-version":[{"id":10308,"href":"https:\/\/radiojadranka.hr\/index.php\/wp-json\/wp\/v2\/posts\/10305\/revisions\/10308"}],"wp:featuredmedia":[{"embeddable":true,"href":"https:\/\/radiojadranka.hr\/index.php\/wp-json\/wp\/v2\/media\/10306"}],"wp:attachment":[{"href":"https:\/\/radiojadranka.hr\/index.php\/wp-json\/wp\/v2\/media?parent=10305"}],"wp:term":[{"taxonomy":"category","embeddable":true,"href":"https:\/\/radiojadranka.hr\/index.php\/wp-json\/wp\/v2\/categories?post=10305"},{"taxonomy":"post_tag","embeddable":true,"href":"https:\/\/radiojadranka.hr\/index.php\/wp-json\/wp\/v2\/tags?post=10305"}],"curies":[{"name":"wp","href":"https:\/\/api.w.org\/{rel}","templated":true}]}}