{"id":10292,"date":"2024-05-22T11:23:01","date_gmt":"2024-05-22T09:23:01","guid":{"rendered":"https:\/\/radiojadranka.hr\/?p=10292"},"modified":"2024-08-20T08:46:53","modified_gmt":"2024-08-20T06:46:53","slug":"festival-meha-trinaesti-put","status":"publish","type":"post","link":"https:\/\/radiojadranka.hr\/index.php\/2024\/05\/22\/festival-meha-trinaesti-put\/","title":{"rendered":"Festival Meha, trinaesti put u Nerezinama i Orlecu!"},"content":{"rendered":"<div><strong>Trinaesti put za redom, odr\u017eat \u0107e se Me\u0111unarodni festival Meha na Lo\u0161inju i Cresu! Cilj ovog festivala\u00a0 je predstaviti glazbenu povijest oto\u010dja Lo\u0161inj i Cresa \u010dija se reputacija ra\u0161irila i do na\u0161ih prijatelja u susjednim dr\u017eavama.\u00a0<\/strong><\/div>\n<p><strong>Organizatori su folklorna dru\u0161tva Studenac iz Nerezina i Orlec iz Orleca, odnosno Dario Ku\u010di\u0107 i Mario Mu\u017ei\u0107. O\u010dekuju se dvije grupe iz Italije, jedna iz Ma\u0111arske, \u010ce\u0161ke, Amerike, te izvo\u0111a\u010di iz Slavonije, Raba i na\u0161i lokalni!<\/strong><\/p>\n<p><strong>Kao i uvijek, na dan nastupa izvo\u0111a\u010di \u0107e mimohodom se predstaviti u Lo\u0161inju i Cresu, a kako bi motivirali \u010dim vi\u0161e posjetitelja na dolazak u Nerezine i Orlec! Po\u010detak oba koncerta je u 19 sati, u subotu 25.svibnja u Nerezinama, a dan kasnije u Orlecu.<\/strong><\/p>\n<p><strong>Organizacija nije jednostavna, svake godine sve skuplja, istaknuo je Dario Ku\u010di\u0107, te poziva nove sponzore da se odazovu, a dosada\u0161njima se od srca zahvaljuje!\u00a0\u00a0<\/strong><\/p>\n<p>Foto: Visit Lo\u0161inj i Radio Lo\u0161inj<\/p>\n<p><iframe title=\"220524 Dario Ku\u010di\u0107 Festival Meha\" width=\"100%\" height=\"120\" src=\"https:\/\/www.mixcloud.com\/widget\/iframe\/?feed=https%3A%2F%2Fwww.mixcloud.com%2Fradio_jadranka%2F220524-dario-ku%25C4%258Di%25C4%2587-festival-meha%2F&amp;hide_cover=1\" frameborder=\"0\"><\/iframe><\/p>\n<div id='gallery-1' class='gallery galleryid-10292 gallery-columns-3 gallery-size-thumbnail'><figure class='gallery-item'>\n\t\t\t<div class='gallery-icon portrait'>\n\t\t\t\t<a href='https:\/\/radiojadranka.hr\/index.php\/2024\/05\/22\/festival-meha-trinaesti-put\/attachment\/17163689530311\/'><img decoding=\"async\" width=\"150\" height=\"150\" src=\"https:\/\/radiojadranka.hr\/wp-content\/uploads\/2024\/05\/17163689530311-150x150.jpg\" class=\"attachment-thumbnail size-thumbnail\" alt=\"\" srcset=\"https:\/\/radiojadranka.hr\/wp-content\/uploads\/2024\/05\/17163689530311-150x150.jpg 150w, https:\/\/radiojadranka.hr\/wp-content\/uploads\/2024\/05\/17163689530311-100x100.jpg 100w, https:\/\/radiojadranka.hr\/wp-content\/uploads\/2024\/05\/17163689530311-370x370.jpg 370w\" sizes=\"(max-width: 150px) 100vw, 150px\" \/><\/a>\n\t\t\t<\/div><\/figure><figure class='gallery-item'>\n\t\t\t<div class='gallery-icon landscape'>\n\t\t\t\t<a href='https:\/\/radiojadranka.hr\/index.php\/2024\/05\/22\/festival-meha-trinaesti-put\/8-medjunarodni-festival-mjeha-636603584909953928_920_5172x\/'><img decoding=\"async\" width=\"150\" height=\"150\" src=\"https:\/\/radiojadranka.hr\/wp-content\/uploads\/2024\/05\/8-medjunarodni-festival-mjeha-636603584909953928_920_517@2x-150x150.jpeg\" class=\"attachment-thumbnail size-thumbnail\" alt=\"\" srcset=\"https:\/\/radiojadranka.hr\/wp-content\/uploads\/2024\/05\/8-medjunarodni-festival-mjeha-636603584909953928_920_517@2x-150x150.jpeg 150w, https:\/\/radiojadranka.hr\/wp-content\/uploads\/2024\/05\/8-medjunarodni-festival-mjeha-636603584909953928_920_517@2x-100x100.jpeg 100w, https:\/\/radiojadranka.hr\/wp-content\/uploads\/2024\/05\/8-medjunarodni-festival-mjeha-636603584909953928_920_517@2x-370x370.jpeg 370w\" sizes=\"(max-width: 150px) 100vw, 150px\" \/><\/a>\n\t\t\t<\/div><\/figure><figure class='gallery-item'>\n\t\t\t<div class='gallery-icon landscape'>\n\t\t\t\t<a href='https:\/\/radiojadranka.hr\/index.php\/2024\/05\/22\/festival-meha-trinaesti-put\/9-medjunarodni-festival-mijeha-636815894223235875_920_5172x\/'><img decoding=\"async\" width=\"150\" height=\"150\" src=\"https:\/\/radiojadranka.hr\/wp-content\/uploads\/2024\/05\/9-medjunarodni-festival-mijeha-636815894223235875_920_517@2x-150x150.jpeg\" class=\"attachment-thumbnail size-thumbnail\" alt=\"\" srcset=\"https:\/\/radiojadranka.hr\/wp-content\/uploads\/2024\/05\/9-medjunarodni-festival-mijeha-636815894223235875_920_517@2x-150x150.jpeg 150w, https:\/\/radiojadranka.hr\/wp-content\/uploads\/2024\/05\/9-medjunarodni-festival-mijeha-636815894223235875_920_517@2x-100x100.jpeg 100w, https:\/\/radiojadranka.hr\/wp-content\/uploads\/2024\/05\/9-medjunarodni-festival-mijeha-636815894223235875_920_517@2x-370x370.jpeg 370w\" sizes=\"(max-width: 150px) 100vw, 150px\" \/><\/a>\n\t\t\t<\/div><\/figure>\n\t\t<\/div>\n\n<figure id=\"attachment_10238\" aria-describedby=\"caption-attachment-10238\" style=\"width: 225px\" class=\"wp-caption alignnone\"><a href=\"https:\/\/turboscribe.ai\/transcript\/share\/8727976077845704269\/_MGNqaOa51zmp661BhhsW8wOCvX_MwVL8dbTtYbSBL4\/220524-blitz-dario-kucic\"><img loading=\"lazy\" decoding=\"async\" class=\" wp-image-10238\" src=\"https:\/\/radiojadranka.hr\/wp-content\/uploads\/2024\/05\/logo-za-gluhe.jpg\" alt=\"\" width=\"225\" height=\"224\" srcset=\"https:\/\/radiojadranka.hr\/wp-content\/uploads\/2024\/05\/logo-za-gluhe.jpg 307w, https:\/\/radiojadranka.hr\/wp-content\/uploads\/2024\/05\/logo-za-gluhe-150x150.jpg 150w, https:\/\/radiojadranka.hr\/wp-content\/uploads\/2024\/05\/logo-za-gluhe-100x100.jpg 100w\" sizes=\"(max-width: 225px) 100vw, 225px\" \/><\/a><figcaption id=\"caption-attachment-10238\" class=\"wp-caption-text\">Prilago\u0111eno osobama s o\u0161te\u0107enjem sluha<\/figcaption><\/figure>\n","protected":false},"excerpt":{"rendered":"<p>Trinaesti put za redom, odr\u017eat \u0107e se Me\u0111unarodni festival Meha na Lo\u0161inju i Cresu! Cilj ovog festivala\u00a0 je predstaviti glazbenu povijest oto\u010dja Lo\u0161inj i Cresa \u010dija se reputacija ra\u0161irila i do na\u0161ih prijatelja u susjednim dr\u017eavama.\u00a0 Organizatori su folklorna dru\u0161tva Studenac iz Nerezina i Orlec iz Orleca, odnosno Dario Ku\u010di\u0107 ...<\/p>\n","protected":false},"author":2,"featured_media":10298,"comment_status":"closed","ping_status":"open","sticky":false,"template":"","format":"audio","meta":{"footnotes":""},"categories":[72],"tags":[],"class_list":["post-10292","post","type-post","status-publish","format-audio","has-post-thumbnail","hentry","category-vijesti","post_format-post-format-audio"],"aioseo_notices":[],"_links":{"self":[{"href":"https:\/\/radiojadranka.hr\/index.php\/wp-json\/wp\/v2\/posts\/10292","targetHints":{"allow":["GET"]}}],"collection":[{"href":"https:\/\/radiojadranka.hr\/index.php\/wp-json\/wp\/v2\/posts"}],"about":[{"href":"https:\/\/radiojadranka.hr\/index.php\/wp-json\/wp\/v2\/types\/post"}],"author":[{"embeddable":true,"href":"https:\/\/radiojadranka.hr\/index.php\/wp-json\/wp\/v2\/users\/2"}],"replies":[{"embeddable":true,"href":"https:\/\/radiojadranka.hr\/index.php\/wp-json\/wp\/v2\/comments?post=10292"}],"version-history":[{"count":5,"href":"https:\/\/radiojadranka.hr\/index.php\/wp-json\/wp\/v2\/posts\/10292\/revisions"}],"predecessor-version":[{"id":10309,"href":"https:\/\/radiojadranka.hr\/index.php\/wp-json\/wp\/v2\/posts\/10292\/revisions\/10309"}],"wp:featuredmedia":[{"embeddable":true,"href":"https:\/\/radiojadranka.hr\/index.php\/wp-json\/wp\/v2\/media\/10298"}],"wp:attachment":[{"href":"https:\/\/radiojadranka.hr\/index.php\/wp-json\/wp\/v2\/media?parent=10292"}],"wp:term":[{"taxonomy":"category","embeddable":true,"href":"https:\/\/radiojadranka.hr\/index.php\/wp-json\/wp\/v2\/categories?post=10292"},{"taxonomy":"post_tag","embeddable":true,"href":"https:\/\/radiojadranka.hr\/index.php\/wp-json\/wp\/v2\/tags?post=10292"}],"curies":[{"name":"wp","href":"https:\/\/api.w.org\/{rel}","templated":true}]}}