{"id":10210,"date":"2024-05-16T09:30:20","date_gmt":"2024-05-16T07:30:20","guid":{"rendered":"https:\/\/radiojadranka.hr\/?p=10210"},"modified":"2024-05-16T09:53:49","modified_gmt":"2024-05-16T07:53:49","slug":"elementor-10210","status":"publish","type":"post","link":"https:\/\/radiojadranka.hr\/index.php\/2024\/05\/16\/elementor-10210\/","title":{"rendered":"Danas koncert u povodu Maj\u010dinog dana!"},"content":{"rendered":"<p>U\u010denici glazbenog odjela osnovne \u0161kole Maria Martinoli\u0107a danas \u0107e odr\u017eati koncert u povodu Maj\u010dinog dana. Nastupit \u0107e tridesetak u\u010denika, na klaviru, flauti, harmonici i zbor! Bit \u0107e i izvo\u0111a\u010da koji \u0107e iznenaditi posjetitelje! Plakate za koncert su izradili u\u010denici \u0161estih razreda pod vodstvom u\u010diteljice likovnog Ru\u017eice Nemet! Obitelj, prijatelji i ostali koji ih \u017eele poslu\u0161ati okupit \u0107e se danas u holu \u0161kole u 18 sati!<\/p>\n<p><a href=\"https:\/\/radiojadranka.hr\/wp-content\/uploads\/2024\/05\/1715844286591-900x1170.jpg\" rel=\"prgallery--prgallerybedf\"><br \/>\n<img decoding=\"async\" src=\"https:\/\/radiojadranka.hr\/wp-content\/uploads\/2024\/05\/1715844286591.jpg\" alt=\"1715844286591\" \/><br \/>\n<\/a><br \/>\n<a href=\"https:\/\/radiojadranka.hr\/wp-content\/uploads\/2024\/05\/1715844286601-902x1170.jpg\" rel=\"prgallery--prgallerybedf\"><br \/>\n<img decoding=\"async\" src=\"https:\/\/radiojadranka.hr\/wp-content\/uploads\/2024\/05\/1715844286601.jpg\" alt=\"1715844286601\" \/><br \/>\n<\/a><br \/>\n<a href=\"https:\/\/radiojadranka.hr\/wp-content\/uploads\/2023\/03\/Capture.jpg\" rel=\"prgallery--prgallerybedf\"><br \/>\n<img decoding=\"async\" src=\"https:\/\/radiojadranka.hr\/wp-content\/uploads\/2023\/03\/Capture.jpg\" alt=\"Capture\" \/><br \/>\n<\/a><\/p>\n<h3 data-qtwaypoints-offset=\"30\" data-qtwaypoints=\"\"><\/h3>\n","protected":false},"excerpt":{"rendered":"<p>U\u010denici glazbenog odjela osnovne \u0161kole Maria Martinoli\u0107a danas \u0107e odr\u017eati koncert u povodu Maj\u010dinog dana. Nastupit \u0107e tridesetak u\u010denika, na klaviru, flauti, harmonici i zbor! Bit \u0107e i izvo\u0111a\u010da koji \u0107e iznenaditi posjetitelje! Plakate za koncert su izradili u\u010denici \u0161estih razreda pod vodstvom u\u010diteljice likovnog Ru\u017eice Nemet! Obitelj, prijatelji i ...<\/p>\n","protected":false},"author":2,"featured_media":10212,"comment_status":"closed","ping_status":"open","sticky":false,"template":"","format":"audio","meta":{"footnotes":""},"categories":[72],"tags":[],"class_list":["post-10210","post","type-post","status-publish","format-audio","has-post-thumbnail","hentry","category-vijesti","post_format-post-format-audio"],"aioseo_notices":[],"_links":{"self":[{"href":"https:\/\/radiojadranka.hr\/index.php\/wp-json\/wp\/v2\/posts\/10210","targetHints":{"allow":["GET"]}}],"collection":[{"href":"https:\/\/radiojadranka.hr\/index.php\/wp-json\/wp\/v2\/posts"}],"about":[{"href":"https:\/\/radiojadranka.hr\/index.php\/wp-json\/wp\/v2\/types\/post"}],"author":[{"embeddable":true,"href":"https:\/\/radiojadranka.hr\/index.php\/wp-json\/wp\/v2\/users\/2"}],"replies":[{"embeddable":true,"href":"https:\/\/radiojadranka.hr\/index.php\/wp-json\/wp\/v2\/comments?post=10210"}],"version-history":[{"count":5,"href":"https:\/\/radiojadranka.hr\/index.php\/wp-json\/wp\/v2\/posts\/10210\/revisions"}],"predecessor-version":[{"id":10228,"href":"https:\/\/radiojadranka.hr\/index.php\/wp-json\/wp\/v2\/posts\/10210\/revisions\/10228"}],"wp:featuredmedia":[{"embeddable":true,"href":"https:\/\/radiojadranka.hr\/index.php\/wp-json\/wp\/v2\/media\/10212"}],"wp:attachment":[{"href":"https:\/\/radiojadranka.hr\/index.php\/wp-json\/wp\/v2\/media?parent=10210"}],"wp:term":[{"taxonomy":"category","embeddable":true,"href":"https:\/\/radiojadranka.hr\/index.php\/wp-json\/wp\/v2\/categories?post=10210"},{"taxonomy":"post_tag","embeddable":true,"href":"https:\/\/radiojadranka.hr\/index.php\/wp-json\/wp\/v2\/tags?post=10210"}],"curies":[{"name":"wp","href":"https:\/\/api.w.org\/{rel}","templated":true}]}}