{"id":10199,"date":"2024-05-15T10:12:53","date_gmt":"2024-05-15T08:12:53","guid":{"rendered":"https:\/\/radiojadranka.hr\/?p=10199"},"modified":"2024-08-20T08:46:25","modified_gmt":"2024-08-20T06:46:25","slug":"osorske-glazbene-veceri-po-49-put","status":"publish","type":"post","link":"https:\/\/radiojadranka.hr\/index.php\/2024\/05\/15\/osorske-glazbene-veceri-po-49-put\/","title":{"rendered":"Osorske glazbene ve\u010deri, po 49. put!"},"content":{"rendered":"<p><strong>Osorske glazbene ve\u010deri<\/strong> ove \u0107e godine, po 49. put, donijeti da\u0161ak glamura i kulture u drevni Osor! Sve\u010dano otvorenje odr\u017eat \u0107e se 16. srpnja i trajat \u0107e do 20. kolovoza. U svom programu imat \u0107e \u0161esnaest izvo\u0111a\u010da, a na sve\u010danom otvorenju nastupit \u0107e &#8220;The King&#8217;s Singers&#8221;, koji ve\u0107 vi\u0161e od pedeset godina postavljaju zlatni standard u a-cappella pjevanju na najve\u0107im svjetskim pozornicama. Renomirani su po svojoj neprevazi\u0111enoj tehnici, glazbenosti i svestranosti, koja proistje\u010de iz bogate povijesti grupe i njene te\u017enje da o\u017eivi izvanredan niz novih i jedinstvenih djela, suradnji i snimanja. Bogata diskografija Kraljevskih pjeva\u010da dovela ih je do brojnih nagrada, uklju\u010duju\u0107i dvije Grammy nagrade, Emmy nagradu i mjesto u inauguralnoj Dvorani slave \u010dasopisa Gramophone.<\/p>\n<p data-sourcepos=\"5:1-5:470\">Ovogodi\u0161nji festival predstavlja se s ne\u0161to izmijenjenim vizualnim identitetom i zasigurno \u0107e biti &#8220;generalna proba&#8221; za slijede\u0107e jubilarno izdanje! Podsjetimo se i osniva\u010da ovog nacionalnog festivala, Danijela Maru\u0161i\u0107a. Osor, Lo\u0161inj i Hrvatska ovim su festivalom svrstani na renomiranu festivalsku kartu svijeta. Maru\u0161i\u0107 je svojom vizijom zadu\u017eio brojne generacije umjetnika, a hrvatskim praizvedbama doprinjeo je promociji klasike hrvatskih autora!<\/p>\n<p data-sourcepos=\"5:1-5:470\">foto: <a href=\"https:\/\/www.osorfestival.eu\/\">osorfestival.eu<\/a><\/p>\n<p><iframe title=\"The King&#039;s Singers - Can you feel the love tonight (from &#039;The Lion King&#039;)\" width=\"1170\" height=\"658\" src=\"https:\/\/www.youtube.com\/embed\/Gz_2zxo-2w4?feature=oembed\" frameborder=\"0\" allow=\"accelerometer; autoplay; clipboard-write; encrypted-media; gyroscope; picture-in-picture; web-share\" referrerpolicy=\"strict-origin-when-cross-origin\" allowfullscreen><\/iframe><\/p>\n<div id='gallery-1' class='gallery galleryid-10199 gallery-columns-3 gallery-size-thumbnail'><figure class='gallery-item'>\n\t\t\t<div class='gallery-icon portrait'>\n\t\t\t\t<a href='https:\/\/radiojadranka.hr\/index.php\/2024\/05\/15\/osorske-glazbene-veceri-po-49-put\/663e025159745d79270874fb_plakat_2024\/'><img decoding=\"async\" width=\"150\" height=\"150\" src=\"https:\/\/radiojadranka.hr\/wp-content\/uploads\/2024\/05\/663e025159745d79270874fb_plakat_2024-150x150.jpg\" class=\"attachment-thumbnail size-thumbnail\" alt=\"\" srcset=\"https:\/\/radiojadranka.hr\/wp-content\/uploads\/2024\/05\/663e025159745d79270874fb_plakat_2024-150x150.jpg 150w, https:\/\/radiojadranka.hr\/wp-content\/uploads\/2024\/05\/663e025159745d79270874fb_plakat_2024-100x100.jpg 100w, https:\/\/radiojadranka.hr\/wp-content\/uploads\/2024\/05\/663e025159745d79270874fb_plakat_2024-370x370.jpg 370w\" sizes=\"(max-width: 150px) 100vw, 150px\" \/><\/a>\n\t\t\t<\/div><\/figure><figure class='gallery-item'>\n\t\t\t<div class='gallery-icon landscape'>\n\t\t\t\t<a href='https:\/\/radiojadranka.hr\/index.php\/2024\/05\/15\/osorske-glazbene-veceri-po-49-put\/60e182b0641e3cd3d0c62cf3_kuljeric\/'><img decoding=\"async\" width=\"150\" height=\"150\" src=\"https:\/\/radiojadranka.hr\/wp-content\/uploads\/2024\/05\/60e182b0641e3cd3d0c62cf3_KULJERIC-150x150.jpg\" class=\"attachment-thumbnail size-thumbnail\" alt=\"\" srcset=\"https:\/\/radiojadranka.hr\/wp-content\/uploads\/2024\/05\/60e182b0641e3cd3d0c62cf3_KULJERIC-150x150.jpg 150w, https:\/\/radiojadranka.hr\/wp-content\/uploads\/2024\/05\/60e182b0641e3cd3d0c62cf3_KULJERIC-100x100.jpg 100w, https:\/\/radiojadranka.hr\/wp-content\/uploads\/2024\/05\/60e182b0641e3cd3d0c62cf3_KULJERIC-370x370.jpg 370w\" sizes=\"(max-width: 150px) 100vw, 150px\" \/><\/a>\n\t\t\t<\/div><\/figure><figure class='gallery-item'>\n\t\t\t<div class='gallery-icon landscape'>\n\t\t\t\t<a href='https:\/\/radiojadranka.hr\/index.php\/2024\/05\/15\/osorske-glazbene-veceri-po-49-put\/64ea199a989c46ff24a47e50_euskal_1\/'><img decoding=\"async\" width=\"150\" height=\"150\" src=\"https:\/\/radiojadranka.hr\/wp-content\/uploads\/2024\/05\/64ea199a989c46ff24a47e50_euskal_1-150x150.jpg\" class=\"attachment-thumbnail size-thumbnail\" alt=\"\" srcset=\"https:\/\/radiojadranka.hr\/wp-content\/uploads\/2024\/05\/64ea199a989c46ff24a47e50_euskal_1-150x150.jpg 150w, https:\/\/radiojadranka.hr\/wp-content\/uploads\/2024\/05\/64ea199a989c46ff24a47e50_euskal_1-100x100.jpg 100w, https:\/\/radiojadranka.hr\/wp-content\/uploads\/2024\/05\/64ea199a989c46ff24a47e50_euskal_1-370x370.jpg 370w\" sizes=\"(max-width: 150px) 100vw, 150px\" \/><\/a>\n\t\t\t<\/div><\/figure><figure class='gallery-item'>\n\t\t\t<div class='gallery-icon landscape'>\n\t\t\t\t<a href='https:\/\/radiojadranka.hr\/index.php\/2024\/05\/15\/osorske-glazbene-veceri-po-49-put\/kingssingers\/'><img loading=\"lazy\" decoding=\"async\" width=\"150\" height=\"150\" src=\"https:\/\/radiojadranka.hr\/wp-content\/uploads\/2024\/05\/KingsSingers-150x150.jpg\" class=\"attachment-thumbnail size-thumbnail\" alt=\"\" srcset=\"https:\/\/radiojadranka.hr\/wp-content\/uploads\/2024\/05\/KingsSingers-150x150.jpg 150w, https:\/\/radiojadranka.hr\/wp-content\/uploads\/2024\/05\/KingsSingers-100x100.jpg 100w, https:\/\/radiojadranka.hr\/wp-content\/uploads\/2024\/05\/KingsSingers-370x370.jpg 370w\" sizes=\"(max-width: 150px) 100vw, 150px\" \/><\/a>\n\t\t\t<\/div><\/figure>\n\t\t<\/div>\n\n<p>&nbsp;<\/p>\n","protected":false},"excerpt":{"rendered":"<p>Osorske glazbene ve\u010deri ove \u0107e godine, po 49. put, donijeti da\u0161ak glamura i kulture u drevni Osor! Sve\u010dano otvorenje odr\u017eat \u0107e se 16. srpnja i trajat \u0107e do 20. kolovoza. U svom programu imat \u0107e \u0161esnaest izvo\u0111a\u010da, a na sve\u010danom otvorenju nastupit \u0107e &#8220;The King&#8217;s Singers&#8221;, koji ve\u0107 vi\u0161e od ...<\/p>\n","protected":false},"author":2,"featured_media":10203,"comment_status":"closed","ping_status":"open","sticky":false,"template":"","format":"audio","meta":{"footnotes":""},"categories":[72],"tags":[],"class_list":["post-10199","post","type-post","status-publish","format-audio","has-post-thumbnail","hentry","category-vijesti","post_format-post-format-audio"],"aioseo_notices":[],"_links":{"self":[{"href":"https:\/\/radiojadranka.hr\/index.php\/wp-json\/wp\/v2\/posts\/10199","targetHints":{"allow":["GET"]}}],"collection":[{"href":"https:\/\/radiojadranka.hr\/index.php\/wp-json\/wp\/v2\/posts"}],"about":[{"href":"https:\/\/radiojadranka.hr\/index.php\/wp-json\/wp\/v2\/types\/post"}],"author":[{"embeddable":true,"href":"https:\/\/radiojadranka.hr\/index.php\/wp-json\/wp\/v2\/users\/2"}],"replies":[{"embeddable":true,"href":"https:\/\/radiojadranka.hr\/index.php\/wp-json\/wp\/v2\/comments?post=10199"}],"version-history":[{"count":4,"href":"https:\/\/radiojadranka.hr\/index.php\/wp-json\/wp\/v2\/posts\/10199\/revisions"}],"predecessor-version":[{"id":10208,"href":"https:\/\/radiojadranka.hr\/index.php\/wp-json\/wp\/v2\/posts\/10199\/revisions\/10208"}],"wp:featuredmedia":[{"embeddable":true,"href":"https:\/\/radiojadranka.hr\/index.php\/wp-json\/wp\/v2\/media\/10203"}],"wp:attachment":[{"href":"https:\/\/radiojadranka.hr\/index.php\/wp-json\/wp\/v2\/media?parent=10199"}],"wp:term":[{"taxonomy":"category","embeddable":true,"href":"https:\/\/radiojadranka.hr\/index.php\/wp-json\/wp\/v2\/categories?post=10199"},{"taxonomy":"post_tag","embeddable":true,"href":"https:\/\/radiojadranka.hr\/index.php\/wp-json\/wp\/v2\/tags?post=10199"}],"curies":[{"name":"wp","href":"https:\/\/api.w.org\/{rel}","templated":true}]}}