{"id":10167,"date":"2024-05-14T09:33:52","date_gmt":"2024-05-14T07:33:52","guid":{"rendered":"https:\/\/radiojadranka.hr\/?p=10167"},"modified":"2024-08-20T08:46:25","modified_gmt":"2024-08-20T06:46:25","slug":"rim-tim-tagi-dim-za-kraj-nastupa-u-povodu-majcinog-dana","status":"publish","type":"post","link":"https:\/\/radiojadranka.hr\/index.php\/2024\/05\/14\/rim-tim-tagi-dim-za-kraj-nastupa-u-povodu-majcinog-dana\/","title":{"rendered":"&#8220;Rim tim tagi dim&#8221; za kraj nastupa u povodu Maj\u010dinog dana!"},"content":{"rendered":"<p>Predstava u povodu Maj\u010dinog dana odr\u017eana je u organizaciji Dru\u0161tva na\u0161a djeca Mali Lo\u0161inj! Nastupila su djeca iz vrti\u0107a, osnovne \u0161kole, folklora Manfrina te plesna grupa dru\u0161tva na\u0161a djeca Mali Lo\u0161inj. Bilo je veselo uz puno dru\u017eenja, pjesme i plesa a sve se zavr\u0161ilo uz izvedbu Rim tim tagi dim!<br \/>\nOno \u0161to \u010dlanove o\u010dekuje sutra je redovita skup\u0161tina. Na dnevnom redu je izbor radnih tijela, izve\u0161\u0107e verifikacijske komisije, izvje\u0161\u0107e o radu dru\u0161tva za 2023, kao i financijsko izvje\u0161\u0107e te program rada i financijski plan za ovu i narednu godinu.<br \/>\nSkup\u0161tina \u0107e se odr\u017eati srijedu, u maloj dvorani gradske knji\u017enice i \u010ditaonice s po\u010detkom u 19:15!<\/p>\n<p>&nbsp;<\/p>\n<div id='gallery-1' class='gallery galleryid-10167 gallery-columns-3 gallery-size-thumbnail'><figure class='gallery-item'>\n\t\t\t<div class='gallery-icon landscape'>\n\t\t\t\t<a href='https:\/\/radiojadranka.hr\/index.php\/2024\/05\/14\/rim-tim-tagi-dim-za-kraj-nastupa-u-povodu-majcinog-dana\/img_20240513_200857\/'><img decoding=\"async\" width=\"150\" height=\"150\" src=\"https:\/\/radiojadranka.hr\/wp-content\/uploads\/2024\/05\/IMG_20240513_200857-150x150.jpg\" class=\"attachment-thumbnail size-thumbnail\" alt=\"\" srcset=\"https:\/\/radiojadranka.hr\/wp-content\/uploads\/2024\/05\/IMG_20240513_200857-150x150.jpg 150w, https:\/\/radiojadranka.hr\/wp-content\/uploads\/2024\/05\/IMG_20240513_200857-100x100.jpg 100w, https:\/\/radiojadranka.hr\/wp-content\/uploads\/2024\/05\/IMG_20240513_200857-370x370.jpg 370w\" sizes=\"(max-width: 150px) 100vw, 150px\" \/><\/a>\n\t\t\t<\/div><\/figure><figure class='gallery-item'>\n\t\t\t<div class='gallery-icon landscape'>\n\t\t\t\t<a href='https:\/\/radiojadranka.hr\/index.php\/2024\/05\/14\/rim-tim-tagi-dim-za-kraj-nastupa-u-povodu-majcinog-dana\/capture-2\/'><img decoding=\"async\" width=\"150\" height=\"150\" src=\"https:\/\/radiojadranka.hr\/wp-content\/uploads\/2024\/05\/Capture-150x150.jpg\" class=\"attachment-thumbnail size-thumbnail\" alt=\"\" srcset=\"https:\/\/radiojadranka.hr\/wp-content\/uploads\/2024\/05\/Capture-150x150.jpg 150w, https:\/\/radiojadranka.hr\/wp-content\/uploads\/2024\/05\/Capture-100x100.jpg 100w, https:\/\/radiojadranka.hr\/wp-content\/uploads\/2024\/05\/Capture-370x370.jpg 370w\" sizes=\"(max-width: 150px) 100vw, 150px\" \/><\/a>\n\t\t\t<\/div><\/figure><figure class='gallery-item'>\n\t\t\t<div class='gallery-icon landscape'>\n\t\t\t\t<a href='https:\/\/radiojadranka.hr\/index.php\/2024\/05\/14\/rim-tim-tagi-dim-za-kraj-nastupa-u-povodu-majcinog-dana\/capture111\/'><img decoding=\"async\" width=\"150\" height=\"150\" src=\"https:\/\/radiojadranka.hr\/wp-content\/uploads\/2024\/05\/Capture111-150x150.jpg\" class=\"attachment-thumbnail size-thumbnail\" alt=\"\" srcset=\"https:\/\/radiojadranka.hr\/wp-content\/uploads\/2024\/05\/Capture111-150x150.jpg 150w, https:\/\/radiojadranka.hr\/wp-content\/uploads\/2024\/05\/Capture111-100x100.jpg 100w, https:\/\/radiojadranka.hr\/wp-content\/uploads\/2024\/05\/Capture111-370x370.jpg 370w\" sizes=\"(max-width: 150px) 100vw, 150px\" \/><\/a>\n\t\t\t<\/div><\/figure><figure class='gallery-item'>\n\t\t\t<div class='gallery-icon landscape'>\n\t\t\t\t<a href='https:\/\/radiojadranka.hr\/index.php\/2024\/05\/14\/rim-tim-tagi-dim-za-kraj-nastupa-u-povodu-majcinog-dana\/img_20240513_200448\/'><img loading=\"lazy\" decoding=\"async\" width=\"150\" height=\"150\" src=\"https:\/\/radiojadranka.hr\/wp-content\/uploads\/2024\/05\/IMG_20240513_200448-150x150.jpg\" class=\"attachment-thumbnail size-thumbnail\" alt=\"\" srcset=\"https:\/\/radiojadranka.hr\/wp-content\/uploads\/2024\/05\/IMG_20240513_200448-150x150.jpg 150w, https:\/\/radiojadranka.hr\/wp-content\/uploads\/2024\/05\/IMG_20240513_200448-100x100.jpg 100w, https:\/\/radiojadranka.hr\/wp-content\/uploads\/2024\/05\/IMG_20240513_200448-370x370.jpg 370w\" sizes=\"(max-width: 150px) 100vw, 150px\" \/><\/a>\n\t\t\t<\/div><\/figure>\n\t\t<\/div>\n\n<p><a href=\"https:\/\/fb.watch\/s2PBnKnmHp\/\">Za video pogledajte<\/a><\/p>\n","protected":false},"excerpt":{"rendered":"<p>Predstava u povodu Maj\u010dinog dana odr\u017eana je u organizaciji Dru\u0161tva na\u0161a djeca Mali Lo\u0161inj! Nastupila su djeca iz vrti\u0107a, osnovne \u0161kole, folklora Manfrina te plesna grupa dru\u0161tva na\u0161a djeca Mali Lo\u0161inj. Bilo je veselo uz puno dru\u017eenja, pjesme i plesa a sve se zavr\u0161ilo uz izvedbu Rim tim tagi dim! ...<\/p>\n","protected":false},"author":2,"featured_media":10169,"comment_status":"closed","ping_status":"open","sticky":false,"template":"","format":"audio","meta":{"footnotes":""},"categories":[72],"tags":[],"class_list":["post-10167","post","type-post","status-publish","format-audio","has-post-thumbnail","hentry","category-vijesti","post_format-post-format-audio"],"aioseo_notices":[],"_links":{"self":[{"href":"https:\/\/radiojadranka.hr\/index.php\/wp-json\/wp\/v2\/posts\/10167","targetHints":{"allow":["GET"]}}],"collection":[{"href":"https:\/\/radiojadranka.hr\/index.php\/wp-json\/wp\/v2\/posts"}],"about":[{"href":"https:\/\/radiojadranka.hr\/index.php\/wp-json\/wp\/v2\/types\/post"}],"author":[{"embeddable":true,"href":"https:\/\/radiojadranka.hr\/index.php\/wp-json\/wp\/v2\/users\/2"}],"replies":[{"embeddable":true,"href":"https:\/\/radiojadranka.hr\/index.php\/wp-json\/wp\/v2\/comments?post=10167"}],"version-history":[{"count":5,"href":"https:\/\/radiojadranka.hr\/index.php\/wp-json\/wp\/v2\/posts\/10167\/revisions"}],"predecessor-version":[{"id":10178,"href":"https:\/\/radiojadranka.hr\/index.php\/wp-json\/wp\/v2\/posts\/10167\/revisions\/10178"}],"wp:featuredmedia":[{"embeddable":true,"href":"https:\/\/radiojadranka.hr\/index.php\/wp-json\/wp\/v2\/media\/10169"}],"wp:attachment":[{"href":"https:\/\/radiojadranka.hr\/index.php\/wp-json\/wp\/v2\/media?parent=10167"}],"wp:term":[{"taxonomy":"category","embeddable":true,"href":"https:\/\/radiojadranka.hr\/index.php\/wp-json\/wp\/v2\/categories?post=10167"},{"taxonomy":"post_tag","embeddable":true,"href":"https:\/\/radiojadranka.hr\/index.php\/wp-json\/wp\/v2\/tags?post=10167"}],"curies":[{"name":"wp","href":"https:\/\/api.w.org\/{rel}","templated":true}]}}