{"id":10048,"date":"2024-05-02T13:05:51","date_gmt":"2024-05-02T11:05:51","guid":{"rendered":"https:\/\/radiojadranka.hr\/?p=10048"},"modified":"2024-08-20T08:46:26","modified_gmt":"2024-08-20T06:46:26","slug":"napunila-se-i-malolosinjska-luka","status":"publish","type":"post","link":"https:\/\/radiojadranka.hr\/index.php\/2024\/05\/02\/napunila-se-i-malolosinjska-luka\/","title":{"rendered":"Napunila se i malolo\u0161injska luka!"},"content":{"rendered":"<p>Prvomajski praznici osim na prometnicama vidljivi su i u natu\u010dkom turizmu! Jutros je lo\u0161injska luka bila puna jedrili\u010dara koji su praznike proveli u na\u0161em akvatoriju, a najvjerojatnije zbog lo\u0161e prognoze, no\u0107 su do\u010dekali u sigurnoj uvali!<\/p>\n<p>Za prvomajske praznike na podru\u010dju na\u0161eg Grada boravilo je 4.745 \u00a0gostiju \u0161to u odnosu na pro\u0161logodi\u0161nji posjet iznosi pove\u0107anje od 35,2%. U strukturi smje\u0161tajnih kapaciteta gosti su se najvi\u0161e odlu\u010dili za boravak u kampovima pa su tako kampovi zabilje\u017eili posjet 1.834 gostiju, dok je u hotelima boravio 1.021 gost.<\/p>\n<p>Ostali ugostiteljski objekti za smje\u0161taj bilje\u017ee 765 gostiju u privatnom smje\u0161taj ostvaren je posjet 599 \u00a0gostiju, dok su vlasnici vikend ku\u0107a zabilje\u017eili posjet od 526 gostiju. Tijekom ovog praznika najbrojniji gosti su gosti iz Slovenije s udjelom od 70 %, slijede gosti iz Poljske s 8 %, Njema\u010dke s udjelom od \u00a05,4 %, gosti iz Hrvatske s 4,5 %, Austrije s 3,7 %\u00a0 i ostale zemlje s\u00a0 udjelom od \u00a0\u00a08,4 %. Zabilje\u017een je porast dolaska slovenskih gostiju u odnosu na pro\u0161lu godinu. Doznajemo iz Turisti\u010dke zajednice Malog Lo\u0161inja.<\/p>\n<p><a href=\"https:\/\/radiojadranka.hr\/wp-content\/uploads\/2024\/05\/IMG_20240502_083410-2-1170x569.jpg\" rel=\"prgallery--prgalleryce\"><br \/>\n<img decoding=\"async\" src=\"https:\/\/radiojadranka.hr\/wp-content\/uploads\/2024\/05\/IMG_20240502_083410-2-scaled.jpg\" alt=\"IMG_20240502_083410 (2)\" \/><br \/>\n<\/a><\/p>\n","protected":false},"excerpt":{"rendered":"<p>Prvomajski praznici osim na prometnicama vidljivi su i u natu\u010dkom turizmu! Jutros je lo\u0161injska luka bila puna jedrili\u010dara koji su praznike proveli u na\u0161em akvatoriju, a najvjerojatnije zbog lo\u0161e prognoze, no\u0107 su do\u010dekali u sigurnoj uvali! Za prvomajske praznike na podru\u010dju na\u0161eg Grada boravilo je 4.745 \u00a0gostiju \u0161to u odnosu ...<\/p>\n","protected":false},"author":2,"featured_media":10049,"comment_status":"closed","ping_status":"open","sticky":false,"template":"","format":"audio","meta":{"footnotes":""},"categories":[72],"tags":[],"class_list":["post-10048","post","type-post","status-publish","format-audio","has-post-thumbnail","hentry","category-vijesti","post_format-post-format-audio"],"aioseo_notices":[],"_links":{"self":[{"href":"https:\/\/radiojadranka.hr\/index.php\/wp-json\/wp\/v2\/posts\/10048","targetHints":{"allow":["GET"]}}],"collection":[{"href":"https:\/\/radiojadranka.hr\/index.php\/wp-json\/wp\/v2\/posts"}],"about":[{"href":"https:\/\/radiojadranka.hr\/index.php\/wp-json\/wp\/v2\/types\/post"}],"author":[{"embeddable":true,"href":"https:\/\/radiojadranka.hr\/index.php\/wp-json\/wp\/v2\/users\/2"}],"replies":[{"embeddable":true,"href":"https:\/\/radiojadranka.hr\/index.php\/wp-json\/wp\/v2\/comments?post=10048"}],"version-history":[{"count":5,"href":"https:\/\/radiojadranka.hr\/index.php\/wp-json\/wp\/v2\/posts\/10048\/revisions"}],"predecessor-version":[{"id":10062,"href":"https:\/\/radiojadranka.hr\/index.php\/wp-json\/wp\/v2\/posts\/10048\/revisions\/10062"}],"wp:featuredmedia":[{"embeddable":true,"href":"https:\/\/radiojadranka.hr\/index.php\/wp-json\/wp\/v2\/media\/10049"}],"wp:attachment":[{"href":"https:\/\/radiojadranka.hr\/index.php\/wp-json\/wp\/v2\/media?parent=10048"}],"wp:term":[{"taxonomy":"category","embeddable":true,"href":"https:\/\/radiojadranka.hr\/index.php\/wp-json\/wp\/v2\/categories?post=10048"},{"taxonomy":"post_tag","embeddable":true,"href":"https:\/\/radiojadranka.hr\/index.php\/wp-json\/wp\/v2\/tags?post=10048"}],"curies":[{"name":"wp","href":"https:\/\/api.w.org\/{rel}","templated":true}]}}