{"id":10037,"date":"2024-05-02T09:49:20","date_gmt":"2024-05-02T07:49:20","guid":{"rendered":"https:\/\/radiojadranka.hr\/?p=10037"},"modified":"2024-08-20T08:46:26","modified_gmt":"2024-08-20T06:46:26","slug":"losinjani-u-saboru","status":"publish","type":"post","link":"https:\/\/radiojadranka.hr\/index.php\/2024\/05\/02\/losinjani-u-saboru\/","title":{"rendered":"Lo\u0161injani u Saboru!"},"content":{"rendered":"\t\t<div data-elementor-type=\"wp-post\" data-elementor-id=\"10037\" class=\"elementor elementor-10037\">\n\t\t\t\t\t\t<section class=\"elementor-section elementor-top-section elementor-element elementor-element-5c3cb7bf elementor-section-boxed elementor-section-height-default elementor-section-height-default\" data-id=\"5c3cb7bf\" data-element_type=\"section\" data-e-type=\"section\">\n\t\t\t\t\t\t<div class=\"elementor-container elementor-column-gap-default\">\n\t\t\t\t\t<div class=\"elementor-column elementor-col-100 elementor-top-column elementor-element elementor-element-44c64cdb\" data-id=\"44c64cdb\" data-element_type=\"column\" data-e-type=\"column\">\n\t\t\t<div class=\"elementor-widget-wrap elementor-element-populated\">\n\t\t\t\t\t\t<div class=\"elementor-element elementor-element-574af5cd elementor-widget elementor-widget-text-editor\" data-id=\"574af5cd\" data-element_type=\"widget\" data-e-type=\"widget\" data-widget_type=\"text-editor.default\">\n\t\t\t\t<div class=\"elementor-widget-container\">\n\t\t\t\t\t\t\t\t\t<p>U Hrvatskom saboru\u00a0 odr\u017eao se program 11. simulirane sjednice za u\u010denike srednjih \u0161kola. Sjednici su nazo\u010dili i u\u010denici Srednje \u0161kole Ambroza Hara\u010di\u0107a:Damian Sutli\u0107, Fay Kujund\u017ei\u0107, Ema Vidovi\u0107 i Damijan Oli\u0107 zajedno sa svojim nastavnikom i mentorom Vlahom Stra\u017ei\u010di\u0107em.<\/p><p>Tema rasprave bila je civilna za\u0161tita kojoj je zada\u0107a provo\u0111enje edukacije i osna\u017eivanja mladih s ciljem podizanja razine znanja o va\u017enosti sustava civilne za\u0161tite. Na simuliranoj sjednici sudjelovalo je ukupno 151 u\u010denik iz 49 srednjih \u0161kola Republike Hrvatske. Posjetom Hrvatskom saboru u\u010denici \u010detvrtih razreda ponovili su i u\u010dvrstili znanja iz modula civilne za\u0161tite.<\/p><p>Foto: Fb Srednja \u0161kola Ambroza Hara\u010di\u0107a Mali Lo\u0161inj<\/p>\t\t\t\t\t\t\t\t<\/div>\n\t\t\t\t<\/div>\n\t\t\t\t<div class=\"elementor-element elementor-element-872898c elementor-widget elementor-widget-proradio-elementor-gallery\" data-id=\"872898c\" data-element_type=\"widget\" data-e-type=\"widget\" data-widget_type=\"proradio-elementor-gallery.default\">\n\t\t\t\t<div class=\"elementor-widget-container\">\n\t\t\t\t\t\t\t\t\t<div class=\"proradio-gallery proradio-sm\">\n\t\t\t\t\t\t\t\t\t\t\t\t<a rel=\"prgallery--prgalleryfefc\" href=\"https:\/\/radiojadranka.hr\/wp-content\/uploads\/2024\/05\/440757595_398761649703880_3703212630849847890_n.jpg\" class=\"proradio-gallery__item\">\n\t\t\t\t\t\t\t\t<img decoding=\"async\" src=\"https:\/\/radiojadranka.hr\/wp-content\/uploads\/2024\/05\/440757595_398761649703880_3703212630849847890_n.jpg\" alt=\"440757595_398761649703880_3703212630849847890_n\">\n\t\t\t\t\t\t\t<\/a>\n\t\t\t\t\t\t\t\t\t\t\t\t\t\t<a rel=\"prgallery--prgalleryfefc\" href=\"https:\/\/radiojadranka.hr\/wp-content\/uploads\/2024\/05\/440578188_398762003037178_7539473807798700936_n.jpg\" class=\"proradio-gallery__item\">\n\t\t\t\t\t\t\t\t<img decoding=\"async\" src=\"https:\/\/radiojadranka.hr\/wp-content\/uploads\/2024\/05\/440578188_398762003037178_7539473807798700936_n.jpg\" alt=\"440578188_398762003037178_7539473807798700936_n\">\n\t\t\t\t\t\t\t<\/a>\n\t\t\t\t\t\t\t\t\t\t\t<\/div>\n\t\t\t\t\t\t\t<\/div>\n\t\t\t\t<\/div>\n\t\t\t\t\t<\/div>\n\t\t<\/div>\n\t\t\t\t\t<\/div>\n\t\t<\/section>\n\t\t\t\t<\/div>\n\t\t","protected":false},"excerpt":{"rendered":"<p>U Hrvatskom saboru\u00a0 odr\u017eao se program 11. simulirane sjednice za u\u010denike srednjih \u0161kola. Sjednici su nazo\u010dili i u\u010denici Srednje \u0161kole Ambroza Hara\u010di\u0107a:Damian Sutli\u0107, Fay Kujund\u017ei\u0107, Ema Vidovi\u0107 i Damijan Oli\u0107 zajedno sa svojim nastavnikom i mentorom Vlahom Stra\u017ei\u010di\u0107em. Tema rasprave bila je civilna za\u0161tita kojoj je zada\u0107a provo\u0111enje edukacije i ...<\/p>\n","protected":false},"author":2,"featured_media":10039,"comment_status":"closed","ping_status":"open","sticky":false,"template":"","format":"audio","meta":{"footnotes":""},"categories":[72],"tags":[],"class_list":["post-10037","post","type-post","status-publish","format-audio","has-post-thumbnail","hentry","category-vijesti","post_format-post-format-audio"],"aioseo_notices":[],"_links":{"self":[{"href":"https:\/\/radiojadranka.hr\/index.php\/wp-json\/wp\/v2\/posts\/10037","targetHints":{"allow":["GET"]}}],"collection":[{"href":"https:\/\/radiojadranka.hr\/index.php\/wp-json\/wp\/v2\/posts"}],"about":[{"href":"https:\/\/radiojadranka.hr\/index.php\/wp-json\/wp\/v2\/types\/post"}],"author":[{"embeddable":true,"href":"https:\/\/radiojadranka.hr\/index.php\/wp-json\/wp\/v2\/users\/2"}],"replies":[{"embeddable":true,"href":"https:\/\/radiojadranka.hr\/index.php\/wp-json\/wp\/v2\/comments?post=10037"}],"version-history":[{"count":5,"href":"https:\/\/radiojadranka.hr\/index.php\/wp-json\/wp\/v2\/posts\/10037\/revisions"}],"predecessor-version":[{"id":10055,"href":"https:\/\/radiojadranka.hr\/index.php\/wp-json\/wp\/v2\/posts\/10037\/revisions\/10055"}],"wp:featuredmedia":[{"embeddable":true,"href":"https:\/\/radiojadranka.hr\/index.php\/wp-json\/wp\/v2\/media\/10039"}],"wp:attachment":[{"href":"https:\/\/radiojadranka.hr\/index.php\/wp-json\/wp\/v2\/media?parent=10037"}],"wp:term":[{"taxonomy":"category","embeddable":true,"href":"https:\/\/radiojadranka.hr\/index.php\/wp-json\/wp\/v2\/categories?post=10037"},{"taxonomy":"post_tag","embeddable":true,"href":"https:\/\/radiojadranka.hr\/index.php\/wp-json\/wp\/v2\/tags?post=10037"}],"curies":[{"name":"wp","href":"https:\/\/api.w.org\/{rel}","templated":true}]}}