{"id":10036,"date":"2024-05-02T10:35:53","date_gmt":"2024-05-02T08:35:53","guid":{"rendered":"https:\/\/radiojadranka.hr\/?p=10036"},"modified":"2024-08-20T08:46:26","modified_gmt":"2024-08-20T06:46:26","slug":"10036","status":"publish","type":"post","link":"https:\/\/radiojadranka.hr\/index.php\/2024\/05\/02\/10036\/","title":{"rendered":"Nerezine se pripremaju za &#8220;Muaj&#8221;!"},"content":{"rendered":"<p>Kao i uvijek, prve nedjelje u maju, Nerezine obilje\u017eavaju &#8220;Muaj&#8221;!\u00a0 Stari je to obi\u010daj koji je posve\u0107en prolje\u0107u, mladosti i novom \u017eivotu!<\/p>\n<p>Ovim obi\u010dajem odavala se po\u010dast majstorstvu nerezinskih kalafata koji su za izradu svojih barki koristili i drvo hrasta. Uo\u010di ove svetkovine, nerezinski mladi\u0107i dogovorili bi se \u010diju \u0107e barku izvu\u0107i iz mora i postaviti na trg Studenac. Bila bi to barka oca djevojke za koju se pretpostavljalo da \u0107e se prva udati. Zatim bi donjeli i\u00a0 stablo hrasta (dubca) te bi iz dvori\u0161ta ku\u0107a djevojaka neprimjetno \u2018ukrali\u2019 posude sa cvije\u0107em i druge stvari koje bi donijeli na trg. Stablo se kitilo maramama pa kad su ujutro obitelji kretale na misu bile bi iznena\u0111ene trgom s oki\u0107enom barkom, hrastom i mnogobrojnim vazama cvije\u0107a. Kao i uvijek, proslava po\u010dinje ove nedjelje nakon \u0161to zvona crkve ozna\u010de podne!<\/p>\n<p>Mi \u0107emo sutra u petak 3.5. od 11 sati poku\u0161ati doznati jo\u0161 koji detalj vi\u0161e o ovoj tradiciji! \u010cujemo se!<\/p>\n<p>Foto: Visit Losinj<\/p>\n<p><img fetchpriority=\"high\" decoding=\"async\" class=\"alignnone size-medium wp-image-10044\" src=\"https:\/\/radiojadranka.hr\/wp-content\/uploads\/2024\/05\/nerezinski-muaj-636476494257199125_920_517@2x-770x513.jpeg\" alt=\"\" width=\"770\" height=\"513\" srcset=\"https:\/\/radiojadranka.hr\/wp-content\/uploads\/2024\/05\/nerezinski-muaj-636476494257199125_920_517@2x-770x513.jpeg 770w, https:\/\/radiojadranka.hr\/wp-content\/uploads\/2024\/05\/nerezinski-muaj-636476494257199125_920_517@2x-1170x780.jpeg 1170w, https:\/\/radiojadranka.hr\/wp-content\/uploads\/2024\/05\/nerezinski-muaj-636476494257199125_920_517@2x-768x512.jpeg 768w, https:\/\/radiojadranka.hr\/wp-content\/uploads\/2024\/05\/nerezinski-muaj-636476494257199125_920_517@2x-1536x1024.jpeg 1536w, https:\/\/radiojadranka.hr\/wp-content\/uploads\/2024\/05\/nerezinski-muaj-636476494257199125_920_517@2x.jpeg 1551w\" sizes=\"(max-width: 770px) 100vw, 770px\" \/><\/p>\n","protected":false},"excerpt":{"rendered":"<p>Kao i uvijek, prve nedjelje u maju, Nerezine obilje\u017eavaju &#8220;Muaj&#8221;!\u00a0 Stari je to obi\u010daj koji je posve\u0107en prolje\u0107u, mladosti i novom \u017eivotu! Ovim obi\u010dajem odavala se po\u010dast majstorstvu nerezinskih kalafata koji su za izradu svojih barki koristili i drvo hrasta. Uo\u010di ove svetkovine, nerezinski mladi\u0107i dogovorili bi se \u010diju \u0107e ...<\/p>\n","protected":false},"author":2,"featured_media":10044,"comment_status":"closed","ping_status":"open","sticky":false,"template":"","format":"audio","meta":{"footnotes":""},"categories":[72],"tags":[],"class_list":["post-10036","post","type-post","status-publish","format-audio","has-post-thumbnail","hentry","category-vijesti","post_format-post-format-audio"],"aioseo_notices":[],"_links":{"self":[{"href":"https:\/\/radiojadranka.hr\/index.php\/wp-json\/wp\/v2\/posts\/10036","targetHints":{"allow":["GET"]}}],"collection":[{"href":"https:\/\/radiojadranka.hr\/index.php\/wp-json\/wp\/v2\/posts"}],"about":[{"href":"https:\/\/radiojadranka.hr\/index.php\/wp-json\/wp\/v2\/types\/post"}],"author":[{"embeddable":true,"href":"https:\/\/radiojadranka.hr\/index.php\/wp-json\/wp\/v2\/users\/2"}],"replies":[{"embeddable":true,"href":"https:\/\/radiojadranka.hr\/index.php\/wp-json\/wp\/v2\/comments?post=10036"}],"version-history":[{"count":3,"href":"https:\/\/radiojadranka.hr\/index.php\/wp-json\/wp\/v2\/posts\/10036\/revisions"}],"predecessor-version":[{"id":10050,"href":"https:\/\/radiojadranka.hr\/index.php\/wp-json\/wp\/v2\/posts\/10036\/revisions\/10050"}],"wp:featuredmedia":[{"embeddable":true,"href":"https:\/\/radiojadranka.hr\/index.php\/wp-json\/wp\/v2\/media\/10044"}],"wp:attachment":[{"href":"https:\/\/radiojadranka.hr\/index.php\/wp-json\/wp\/v2\/media?parent=10036"}],"wp:term":[{"taxonomy":"category","embeddable":true,"href":"https:\/\/radiojadranka.hr\/index.php\/wp-json\/wp\/v2\/categories?post=10036"},{"taxonomy":"post_tag","embeddable":true,"href":"https:\/\/radiojadranka.hr\/index.php\/wp-json\/wp\/v2\/tags?post=10036"}],"curies":[{"name":"wp","href":"https:\/\/api.w.org\/{rel}","templated":true}]}}