{"id":10010,"date":"2024-04-29T14:08:58","date_gmt":"2024-04-29T12:08:58","guid":{"rendered":"https:\/\/radiojadranka.hr\/?p=10010"},"modified":"2024-08-20T08:46:26","modified_gmt":"2024-08-20T06:46:26","slug":"nova-pekarnica-u-nerezinama","status":"publish","type":"post","link":"https:\/\/radiojadranka.hr\/index.php\/2024\/04\/29\/nova-pekarnica-u-nerezinama\/","title":{"rendered":"Nova pekarnica u Nerezinama!"},"content":{"rendered":"<h4><strong>Jutros je u Nerezinama otvorena deseta pekarnica u sastavu Jadranka trgovine, a koja \u0107e uvelike rasteretiti market tijekom turisti\u010dke sezone! Kako je istaknuto na sve\u010danosti otvorenja, pekarnica \u0107e raditi tijekom cijele godine! Pekarnicu su otvorili Aleksandar Gledi\u0107 mjesni odbor Nerezine i Elvis \u017divkovi\u0107 dugogodi\u0161nji \u010dlan mjesnog odbora i podtpredsjednik gradskog vije\u0107a grada Malog Lo\u0161inja! Gospo\u0111a Jadranka Faled\u017ei\u0107 poslovo\u0111a je pekarnice Nerezine.\u00a0<\/strong><\/h4>\n<p>\u010cestitke i sretno !<\/p>\n<p><iframe title=\"290424 Milan D\u017eebi\u0107\" width=\"100%\" height=\"120\" src=\"https:\/\/www.mixcloud.com\/widget\/iframe\/?feed=https%3A%2F%2Fwww.mixcloud.com%2Fradio_jadranka%2F290424-milan-d%25C5%25BEebi%25C4%2587%2F&amp;hide_cover=1\" frameborder=\"0\"><\/iframe><\/p>\n<p><img decoding=\"async\" class=\"alignnone  wp-image-9515\" src=\"https:\/\/radiojadranka.hr\/wp-content\/uploads\/2024\/04\/disability-4121577_1280_3-1.png\" alt=\"Sadr\u017eaj pristupa\u010dan osobama s o\u0161te\u0107enim sluhom\" width=\"124\" height=\"136\" \/><\/p>\n<p>&nbsp;<\/p>\n<div id='gallery-1' class='gallery galleryid-10010 gallery-columns-3 gallery-size-thumbnail'><figure class='gallery-item'>\n\t\t\t<div class='gallery-icon portrait'>\n\t\t\t\t<a href='https:\/\/radiojadranka.hr\/index.php\/2024\/04\/29\/nova-pekarnica-u-nerezinama\/attachment\/1714388603060\/'><img decoding=\"async\" width=\"150\" height=\"150\" src=\"https:\/\/radiojadranka.hr\/wp-content\/uploads\/2024\/04\/1714388603060-150x150.jpg\" class=\"attachment-thumbnail size-thumbnail\" alt=\"\" srcset=\"https:\/\/radiojadranka.hr\/wp-content\/uploads\/2024\/04\/1714388603060-150x150.jpg 150w, https:\/\/radiojadranka.hr\/wp-content\/uploads\/2024\/04\/1714388603060-100x100.jpg 100w, https:\/\/radiojadranka.hr\/wp-content\/uploads\/2024\/04\/1714388603060-370x370.jpg 370w\" sizes=\"(max-width: 150px) 100vw, 150px\" \/><\/a>\n\t\t\t<\/div><\/figure><figure class='gallery-item'>\n\t\t\t<div class='gallery-icon landscape'>\n\t\t\t\t<a href='https:\/\/radiojadranka.hr\/index.php\/2024\/04\/29\/nova-pekarnica-u-nerezinama\/attachment\/1714388603302\/'><img decoding=\"async\" width=\"150\" height=\"150\" src=\"https:\/\/radiojadranka.hr\/wp-content\/uploads\/2024\/04\/1714388603302-150x150.jpg\" class=\"attachment-thumbnail size-thumbnail\" alt=\"\" srcset=\"https:\/\/radiojadranka.hr\/wp-content\/uploads\/2024\/04\/1714388603302-150x150.jpg 150w, https:\/\/radiojadranka.hr\/wp-content\/uploads\/2024\/04\/1714388603302-100x100.jpg 100w, https:\/\/radiojadranka.hr\/wp-content\/uploads\/2024\/04\/1714388603302-370x370.jpg 370w\" sizes=\"(max-width: 150px) 100vw, 150px\" \/><\/a>\n\t\t\t<\/div><\/figure><figure class='gallery-item'>\n\t\t\t<div class='gallery-icon landscape'>\n\t\t\t\t<a href='https:\/\/radiojadranka.hr\/index.php\/2024\/04\/29\/nova-pekarnica-u-nerezinama\/attachment\/1714388603400\/'><img loading=\"lazy\" decoding=\"async\" width=\"150\" height=\"150\" src=\"https:\/\/radiojadranka.hr\/wp-content\/uploads\/2024\/04\/1714388603400-150x150.jpg\" class=\"attachment-thumbnail size-thumbnail\" alt=\"\" srcset=\"https:\/\/radiojadranka.hr\/wp-content\/uploads\/2024\/04\/1714388603400-150x150.jpg 150w, https:\/\/radiojadranka.hr\/wp-content\/uploads\/2024\/04\/1714388603400-100x100.jpg 100w, https:\/\/radiojadranka.hr\/wp-content\/uploads\/2024\/04\/1714388603400-370x370.jpg 370w\" sizes=\"(max-width: 150px) 100vw, 150px\" \/><\/a>\n\t\t\t<\/div><\/figure><figure class='gallery-item'>\n\t\t\t<div class='gallery-icon portrait'>\n\t\t\t\t<a href='https:\/\/radiojadranka.hr\/index.php\/2024\/04\/29\/nova-pekarnica-u-nerezinama\/attachment\/1714388603416\/'><img loading=\"lazy\" decoding=\"async\" width=\"150\" height=\"150\" src=\"https:\/\/radiojadranka.hr\/wp-content\/uploads\/2024\/04\/1714388603416-150x150.jpg\" class=\"attachment-thumbnail size-thumbnail\" alt=\"\" srcset=\"https:\/\/radiojadranka.hr\/wp-content\/uploads\/2024\/04\/1714388603416-150x150.jpg 150w, https:\/\/radiojadranka.hr\/wp-content\/uploads\/2024\/04\/1714388603416-100x100.jpg 100w, https:\/\/radiojadranka.hr\/wp-content\/uploads\/2024\/04\/1714388603416-370x370.jpg 370w\" sizes=\"(max-width: 150px) 100vw, 150px\" \/><\/a>\n\t\t\t<\/div><\/figure><figure class='gallery-item'>\n\t\t\t<div class='gallery-icon landscape'>\n\t\t\t\t<a href='https:\/\/radiojadranka.hr\/index.php\/2024\/04\/29\/nova-pekarnica-u-nerezinama\/attachment\/1714388603439\/'><img loading=\"lazy\" decoding=\"async\" width=\"150\" height=\"150\" src=\"https:\/\/radiojadranka.hr\/wp-content\/uploads\/2024\/04\/1714388603439-150x150.jpg\" class=\"attachment-thumbnail size-thumbnail\" alt=\"\" srcset=\"https:\/\/radiojadranka.hr\/wp-content\/uploads\/2024\/04\/1714388603439-150x150.jpg 150w, https:\/\/radiojadranka.hr\/wp-content\/uploads\/2024\/04\/1714388603439-100x100.jpg 100w, https:\/\/radiojadranka.hr\/wp-content\/uploads\/2024\/04\/1714388603439-370x370.jpg 370w\" sizes=\"(max-width: 150px) 100vw, 150px\" \/><\/a>\n\t\t\t<\/div><\/figure><figure class='gallery-item'>\n\t\t\t<div class='gallery-icon landscape'>\n\t\t\t\t<a href='https:\/\/radiojadranka.hr\/index.php\/2024\/04\/29\/nova-pekarnica-u-nerezinama\/attachment\/1714388603462\/'><img loading=\"lazy\" decoding=\"async\" width=\"150\" height=\"150\" src=\"https:\/\/radiojadranka.hr\/wp-content\/uploads\/2024\/04\/1714388603462-150x150.jpg\" class=\"attachment-thumbnail size-thumbnail\" alt=\"\" srcset=\"https:\/\/radiojadranka.hr\/wp-content\/uploads\/2024\/04\/1714388603462-150x150.jpg 150w, https:\/\/radiojadranka.hr\/wp-content\/uploads\/2024\/04\/1714388603462-100x100.jpg 100w, https:\/\/radiojadranka.hr\/wp-content\/uploads\/2024\/04\/1714388603462-370x370.jpg 370w\" sizes=\"(max-width: 150px) 100vw, 150px\" \/><\/a>\n\t\t\t<\/div><\/figure><figure class='gallery-item'>\n\t\t\t<div class='gallery-icon landscape'>\n\t\t\t\t<a href='https:\/\/radiojadranka.hr\/index.php\/2024\/04\/29\/nova-pekarnica-u-nerezinama\/attachment\/1714388603531\/'><img loading=\"lazy\" decoding=\"async\" width=\"150\" height=\"150\" src=\"https:\/\/radiojadranka.hr\/wp-content\/uploads\/2024\/04\/1714388603531-150x150.jpg\" class=\"attachment-thumbnail size-thumbnail\" alt=\"\" srcset=\"https:\/\/radiojadranka.hr\/wp-content\/uploads\/2024\/04\/1714388603531-150x150.jpg 150w, https:\/\/radiojadranka.hr\/wp-content\/uploads\/2024\/04\/1714388603531-100x100.jpg 100w, https:\/\/radiojadranka.hr\/wp-content\/uploads\/2024\/04\/1714388603531-370x370.jpg 370w\" sizes=\"(max-width: 150px) 100vw, 150px\" \/><\/a>\n\t\t\t<\/div><\/figure>\n\t\t<\/div>\n\n","protected":false},"excerpt":{"rendered":"<p>Jutros je u Nerezinama otvorena deseta pekarnica u sastavu Jadranka trgovine, a koja \u0107e uvelike rasteretiti market tijekom turisti\u010dke sezone! Kako je istaknuto na sve\u010danosti otvorenja, pekarnica \u0107e raditi tijekom cijele godine! Pekarnicu su otvorili Aleksandar Gledi\u0107 mjesni odbor Nerezine i Elvis \u017divkovi\u0107 dugogodi\u0161nji \u010dlan mjesnog odbora i podtpredsjednik gradskog ...<\/p>\n","protected":false},"author":2,"featured_media":10014,"comment_status":"closed","ping_status":"open","sticky":false,"template":"","format":"audio","meta":{"footnotes":""},"categories":[72],"tags":[],"class_list":["post-10010","post","type-post","status-publish","format-audio","has-post-thumbnail","hentry","category-vijesti","post_format-post-format-audio"],"aioseo_notices":[],"_links":{"self":[{"href":"https:\/\/radiojadranka.hr\/index.php\/wp-json\/wp\/v2\/posts\/10010","targetHints":{"allow":["GET"]}}],"collection":[{"href":"https:\/\/radiojadranka.hr\/index.php\/wp-json\/wp\/v2\/posts"}],"about":[{"href":"https:\/\/radiojadranka.hr\/index.php\/wp-json\/wp\/v2\/types\/post"}],"author":[{"embeddable":true,"href":"https:\/\/radiojadranka.hr\/index.php\/wp-json\/wp\/v2\/users\/2"}],"replies":[{"embeddable":true,"href":"https:\/\/radiojadranka.hr\/index.php\/wp-json\/wp\/v2\/comments?post=10010"}],"version-history":[{"count":5,"href":"https:\/\/radiojadranka.hr\/index.php\/wp-json\/wp\/v2\/posts\/10010\/revisions"}],"predecessor-version":[{"id":10027,"href":"https:\/\/radiojadranka.hr\/index.php\/wp-json\/wp\/v2\/posts\/10010\/revisions\/10027"}],"wp:featuredmedia":[{"embeddable":true,"href":"https:\/\/radiojadranka.hr\/index.php\/wp-json\/wp\/v2\/media\/10014"}],"wp:attachment":[{"href":"https:\/\/radiojadranka.hr\/index.php\/wp-json\/wp\/v2\/media?parent=10010"}],"wp:term":[{"taxonomy":"category","embeddable":true,"href":"https:\/\/radiojadranka.hr\/index.php\/wp-json\/wp\/v2\/categories?post=10010"},{"taxonomy":"post_tag","embeddable":true,"href":"https:\/\/radiojadranka.hr\/index.php\/wp-json\/wp\/v2\/tags?post=10010"}],"curies":[{"name":"wp","href":"https:\/\/api.w.org\/{rel}","templated":true}]}}